{"id":4439,"date":"2019-09-30T22:14:53","date_gmt":"2019-10-01T03:14:53","guid":{"rendered":"http:\/\/www.zonaroja.com.mx\/?p=4439"},"modified":"2019-09-30T22:14:58","modified_gmt":"2019-10-01T03:14:58","slug":"francisco-toledo-gran-impulsor-en-la-defensa-del-maiz-nativo","status":"publish","type":"post","link":"https:\/\/zonaroja.com.mx\/?p=4439","title":{"rendered":"Francisco Toledo, gran impulsor en la defensa del ma\u00edz nativo"},"content":{"rendered":"\n<p>Evlin Arag\u00f3n\/Zona Roja.<\/p>\n\n\n\n<p>Oaxaca de Ju\u00e1rez, Oax., 30 de septiembre\nde 2019.- En el marco de los festejos por el D\u00eda Nacional del Ma\u00edz que se llev\u00f3\na cabo este domingo en la capital oaxaque\u00f1a, la historiadora Isabel Gra\u00f1\u00e9n\nPorr\u00faa record\u00f3 que la voz de Francisco Toledo era muy potente y siempre la\nutiliz\u00f3 para enarbolar causas en pro de los pueblos y comunidades ind\u00edgenas\ncomo fue la defensa del ma\u00edz nativo.<\/p>\n\n\n\n<p>En este sentido, indic\u00f3 que en tiempos como los que se viven actualmente, es fundamental accionar para que un grano como el ma\u00edz, con la importancia que tiene en el pa\u00eds, se conserve y preserve en su estado nativo, sin ning\u00fan tipo de contaminaci\u00f3n.<\/p>\n\n\n\n<figure class=\"wp-block-embed-twitter wp-block-embed is-type-rich is-provider-twitter\"><div class=\"wp-block-embed__wrapper\">\n<div class=\"twitter-tweet\"><blockquote class=\"twitter-tweet\" data-lang=\"es\"><p lang=\"es\" dir=\"ltr\"><a href=\"https:\/\/twitter.com\/hashtag\/OaxacaVerde?src=hash&amp;ref_src=twsrc%5Etfw\">#OaxacaVerde<\/a><br>Entre muchas otras luchas, Francisco Toledo siempre abog\u00f3 por la defensa del ma\u00edz nativo; hay que preservar ese legado, dijo <a href=\"https:\/\/twitter.com\/isabelgporrua?ref_src=twsrc%5Etfw\">@isabelgporrua<\/a>, en el marco del D\u00eda Nacional del Ma\u00edz. <a href=\"https:\/\/t.co\/7qxEwWUIHb\">pic.twitter.com\/7qxEwWUIHb<\/a><\/p>&mdash; Zona Roja Oaxaca (@MexRoja) <a href=\"https:\/\/twitter.com\/MexRoja\/status\/1178679836555927552?ref_src=twsrc%5Etfw\">30 de septiembre de 2019<\/a><\/blockquote><\/div>\n<\/div><\/figure>\n\n\n\n<p>\u201cToledo nos ense\u00f1\u00f3 que el ma\u00edz es mucho\nm\u00e1s que lo que nos da de comer a este pa\u00eds, es casi un dios desde las culturas\nmesoamericanas y sigue estando muy presente en la cosmovisi\u00f3n de los pueblos y\ncomunidades ind\u00edgenas\u201d, dijo en entrevista.<\/p>\n\n\n\n<p>En este mismo sentido, Isabel Gra\u00f1\u00e9n\ndestac\u00f3 que celebrar el D\u00eda Nacional del Ma\u00edz es una llamado de alerta para\nponer los ojos en el tema y comprometer a las autoridades para que el ma\u00edz\nnativo siga floreciendo sin contaminarse con los transg\u00e9nicos que representan\nun riesgo para la salud de todas y todos los mexicanos.<\/p>\n\n\n\n<p>De igual forma, celebr\u00f3 que sean los\nespacios culturales que fund\u00f3 el maestro Francisco Toledo, los que respondieran\nal llamado y realizaron una serie de acciones este domingo para reflexionar\nsobre la importancia del ma\u00edz nativo y celebrar los esfuerzo para su\nconservaci\u00f3n.<\/p>\n\n\n\n<p>\u201cToledo fue una luz tan intensa que su\nestela sigue brillando y tenemos que continuar con el legado en la defensa del\nma\u00edz nativo y su amor por Oaxaca\u201d, finaliz\u00f3.<\/p>\n","protected":false},"excerpt":{"rendered":"<p>Evlin Arag\u00f3n\/Zona Roja. Oaxaca de Ju\u00e1rez, Oax., 30 de septiembre de 2019.- En el marco&hellip;<\/p>\n","protected":false},"author":2,"featured_media":4440,"comment_status":"closed","ping_status":"open","sticky":false,"template":"","format":"standard","meta":{"_lmt_disableupdate":"","_lmt_disable":"","_jetpack_memberships_contains_paid_content":false,"footnotes":""},"categories":[109,52],"tags":[777,677,716],"class_list":["post-4439","post","type-post","status-publish","format-standard","has-post-thumbnail","hentry","category-minuto-a-minuto","category-zona-verde","tag-dia-nacional-del-maiz","tag-francisco-toledo","tag-maria-isabel-granen-porrua"],"jetpack_featured_media_url":"https:\/\/zonaroja.com.mx\/wp-content\/uploads\/2019\/09\/IMG_3013.jpg","jetpack_sharing_enabled":true,"_links":{"self":[{"href":"https:\/\/zonaroja.com.mx\/index.php?rest_route=\/wp\/v2\/posts\/4439","targetHints":{"allow":["GET"]}}],"collection":[{"href":"https:\/\/zonaroja.com.mx\/index.php?rest_route=\/wp\/v2\/posts"}],"about":[{"href":"https:\/\/zonaroja.com.mx\/index.php?rest_route=\/wp\/v2\/types\/post"}],"author":[{"embeddable":true,"href":"https:\/\/zonaroja.com.mx\/index.php?rest_route=\/wp\/v2\/users\/2"}],"replies":[{"embeddable":true,"href":"https:\/\/zonaroja.com.mx\/index.php?rest_route=%2Fwp%2Fv2%2Fcomments&post=4439"}],"version-history":[{"count":1,"href":"https:\/\/zonaroja.com.mx\/index.php?rest_route=\/wp\/v2\/posts\/4439\/revisions"}],"predecessor-version":[{"id":4441,"href":"https:\/\/zonaroja.com.mx\/index.php?rest_route=\/wp\/v2\/posts\/4439\/revisions\/4441"}],"wp:featuredmedia":[{"embeddable":true,"href":"https:\/\/zonaroja.com.mx\/index.php?rest_route=\/wp\/v2\/media\/4440"}],"wp:attachment":[{"href":"https:\/\/zonaroja.com.mx\/index.php?rest_route=%2Fwp%2Fv2%2Fmedia&parent=4439"}],"wp:term":[{"taxonomy":"category","embeddable":true,"href":"https:\/\/zonaroja.com.mx\/index.php?rest_route=%2Fwp%2Fv2%2Fcategories&post=4439"},{"taxonomy":"post_tag","embeddable":true,"href":"https:\/\/zonaroja.com.mx\/index.php?rest_route=%2Fwp%2Fv2%2Ftags&post=4439"}],"curies":[{"name":"wp","href":"https:\/\/api.w.org\/{rel}","templated":true}]}}