{"id":44393,"date":"2022-08-08T10:09:25","date_gmt":"2022-08-08T15:09:25","guid":{"rendered":"http:\/\/www.zonaroja.com.mx\/?p=44393"},"modified":"2022-08-08T10:09:27","modified_gmt":"2022-08-08T15:09:27","slug":"emboscada-en-zona-triqui-de-oaxaca-deja-un-muerto-y-seis-mujeres-heridas","status":"publish","type":"post","link":"https:\/\/zonaroja.com.mx\/?p=44393","title":{"rendered":"Emboscada en zona Triqui de Oaxaca deja un muerto y seis mujeres heridas"},"content":{"rendered":"\n<p>Redacci\u00f3n\/Zona Roja.<\/p>\n\n\n\n<p>Oaxaca de Ju\u00e1rez, Oax., 8 de agosto de 2022.- Una emboscada en contra de militantes del Movimiento de Unificaci\u00f3n y Lucha Triqui (MULT) dej\u00f3 como saldo una persona fallecida y seis mujeres lesionadas por disparos de arma de fuego.<\/p>\n\n\n\n<p>Los hechos ocurrieron, seg\u00fan relat\u00f3 la organizaci\u00f3n que dirige el profesor Rogelio Pensamiento, alrededor de las 06:45 horas en la carretera federal 135, a la altura de Concepci\u00f3n Carrizal, cuando una camioneta con ind\u00edgenas triquis procedentes de Tierra Blanca Copala se dirig\u00eda a San Andr\u00e9s Chicahuaxtla, fue emboscada.<\/p>\n\n\n\n<p>Seg\u00fan el comunicado del MULT, en el lugar perdi\u00f3 la vida Mariano Cruz Garc\u00eda, mientras que resultaron lesionadas de gravedad Isidra Mart\u00ednez Cruz, Carolina Santiago, Guadalupe de Jes\u00fas, Ana Cristina Mart\u00ednez, Victoriana Mart\u00ednez Guzm\u00e1n y Gertrudis Cruz.<\/p>\n\n\n\n<p>\u201cExigimos en\u00e9rgicamente que se detenga la ola de violencia que est\u00e1 generando Macario Garc\u00eda Merino (dirigente del MULTI) en la naci\u00f3n Triqui. \u00bfHasta cu\u00e1ndo las autoridades que imparten justicia actuar\u00e1n en contra de los autores intelectuales de los acontecimientos violentos? Nos referimos a los falsos dirigentes Macario Garc\u00eda Merino y Horacio Santiago Garcia\u201d, expuso en un comunicado.<\/p>\n\n\n\n<p>Por su parte, la Secretar\u00eda de Seguridad P\u00fablica de Oaxaca inform\u00f3 que personal de la Polic\u00eda Estatal, en coordinaci\u00f3n con la Guardia Nacional, mantienen presencia policiaca en la zona.<\/p>\n\n\n\n<p>Precis\u00f3 que en el paraje \u201cPescadito\u201d los uniformados hallaron una camioneta con una persona sin vida y cuarto m\u00e1s lesionadas, que fueron trasladadas a un hospital.<\/p>\n\n\n\n<p>Detall\u00f3 que se mantiene un despliegue estrat\u00e9gico a fin de que se garantice el orden y la seguridad durante el proceso de las diligencias correspondientes.<\/p>\n\n\n\n<figure class=\"wp-block-embed is-type-rich is-provider-twitter wp-block-embed-twitter\"><div class=\"wp-block-embed__wrapper\">\n<div class=\"twitter-tweet\"><blockquote class=\"twitter-tweet\" data-lang=\"es\"><p lang=\"es\" dir=\"ltr\"><a href=\"https:\/\/twitter.com\/hashtag\/%C3%9AltimoMinuto?src=hash&amp;ref_src=twsrc%5Etfw\">#\u00daltimoMinuto<\/a> <br>Sobre los hechos en la zona Triqui de Oaxaca, la <a href=\"https:\/\/twitter.com\/SSP_GobOax?ref_src=twsrc%5Etfw\">@SSP_GobOax<\/a> inform\u00f3 que mantiene presencia institucional con la <a href=\"https:\/\/twitter.com\/Policia_GobOax?ref_src=twsrc%5Etfw\">@Policia_GobOax<\/a> y en coordinaci\u00f3n con la <a href=\"https:\/\/twitter.com\/GN_MEXICO_?ref_src=twsrc%5Etfw\">@GN_MEXICO_<\/a>. <a href=\"https:\/\/t.co\/V2cfsGJVP9\">pic.twitter.com\/V2cfsGJVP9<\/a><\/p>&mdash; Zona Roja Oaxaca (@ZonaRoja_Oaxaca) <a href=\"https:\/\/twitter.com\/ZonaRoja_Oaxaca\/status\/1556655127133552640?ref_src=twsrc%5Etfw\">8 de agosto de 2022<\/a><\/blockquote><\/div>\n<\/div><\/figure>\n","protected":false},"excerpt":{"rendered":"<p>Redacci\u00f3n\/Zona Roja. Oaxaca de Ju\u00e1rez, Oax., 8 de agosto de 2022.- Una emboscada en contra&hellip;<\/p>\n","protected":false},"author":2,"featured_media":44394,"comment_status":"closed","ping_status":"open","sticky":false,"template":"","format":"standard","meta":{"_lmt_disableupdate":"","_lmt_disable":"","_jetpack_memberships_contains_paid_content":false,"footnotes":""},"categories":[109,51],"tags":[1712],"class_list":["post-44393","post","type-post","status-publish","format-standard","has-post-thumbnail","hentry","category-minuto-a-minuto","category-zona-roja","tag-tierra-blanca-copala"],"jetpack_featured_media_url":"https:\/\/zonaroja.com.mx\/wp-content\/uploads\/2022\/08\/Emboscada-en-zona-triqui-Oaxaca-un-muerto.jpg","jetpack_sharing_enabled":true,"_links":{"self":[{"href":"https:\/\/zonaroja.com.mx\/index.php?rest_route=\/wp\/v2\/posts\/44393","targetHints":{"allow":["GET"]}}],"collection":[{"href":"https:\/\/zonaroja.com.mx\/index.php?rest_route=\/wp\/v2\/posts"}],"about":[{"href":"https:\/\/zonaroja.com.mx\/index.php?rest_route=\/wp\/v2\/types\/post"}],"author":[{"embeddable":true,"href":"https:\/\/zonaroja.com.mx\/index.php?rest_route=\/wp\/v2\/users\/2"}],"replies":[{"embeddable":true,"href":"https:\/\/zonaroja.com.mx\/index.php?rest_route=%2Fwp%2Fv2%2Fcomments&post=44393"}],"version-history":[{"count":1,"href":"https:\/\/zonaroja.com.mx\/index.php?rest_route=\/wp\/v2\/posts\/44393\/revisions"}],"predecessor-version":[{"id":44395,"href":"https:\/\/zonaroja.com.mx\/index.php?rest_route=\/wp\/v2\/posts\/44393\/revisions\/44395"}],"wp:featuredmedia":[{"embeddable":true,"href":"https:\/\/zonaroja.com.mx\/index.php?rest_route=\/wp\/v2\/media\/44394"}],"wp:attachment":[{"href":"https:\/\/zonaroja.com.mx\/index.php?rest_route=%2Fwp%2Fv2%2Fmedia&parent=44393"}],"wp:term":[{"taxonomy":"category","embeddable":true,"href":"https:\/\/zonaroja.com.mx\/index.php?rest_route=%2Fwp%2Fv2%2Fcategories&post=44393"},{"taxonomy":"post_tag","embeddable":true,"href":"https:\/\/zonaroja.com.mx\/index.php?rest_route=%2Fwp%2Fv2%2Ftags&post=44393"}],"curies":[{"name":"wp","href":"https:\/\/api.w.org\/{rel}","templated":true}]}}