{"id":44396,"date":"2022-08-08T15:37:02","date_gmt":"2022-08-08T20:37:02","guid":{"rendered":"http:\/\/www.zonaroja.com.mx\/?p=44396"},"modified":"2022-08-08T15:37:04","modified_gmt":"2022-08-08T20:37:04","slug":"inicia-semana-y-estallan-bloqueos-en-oaxaca-ante-incapacidad-de-segego","status":"publish","type":"post","link":"https:\/\/zonaroja.com.mx\/?p=44396","title":{"rendered":"Inicia semana y estallan bloqueos en Oaxaca, ante incapacidad de Segego"},"content":{"rendered":"\n<p>Yuridiana Sosa\/Zona Roja.<\/p>\n\n\n\n<p>Oaxaca de Ju\u00e1rez, Oax., a 8 de agosto de 2022.- Una vez m\u00e1s, la semana inici\u00f3 con bloqueos y protestas en la capital de Oaxaca y las regiones de Valles Centrales y Mixteca, ocasionando graves afectaciones a la poblaci\u00f3n.<\/p>\n\n\n\n<p>La Secretar\u00eda General de Gobierno (Segego) es la responsable de las inconformidades de los manifestantes, pues su negligencia gubernamental va desde la omisi\u00f3n al enga\u00f1o para resolver las peticiones, de acuerdo a los reclamos.<\/p>\n\n\n\n<p>Por segunda ocasi\u00f3n, la Uni\u00f3n de Municipios Ind\u00edgenas de Oaxaca instal\u00f3 un bloqueo sobre la carretera federal 190, frente a la Planta de Almacenamiento de Petr\u00f3leos Mexicanos (Pemex) en Santa Mar\u00eda El Tule, ante la burla de la Segego en solucionar sus demandas desde hace varios d\u00edas.<\/p>\n\n\n\n<p>Tras su primera protesta ocurrida el pasado 29 de julio, en ese mismo punto y previo al segundo Lunes del Cerro de la Guelaguetza, la Secretar\u00eda de Gobierno de Oaxaca a cargo de Francisco Garc\u00eda L\u00f3pez, se comprometi\u00f3 a que el pasado viernes las 14 comunidades que integran la Uni\u00f3n tendr\u00edan resuelta sus demandas de car\u00e1cter econ\u00f3mico para obras sociales.<\/p>\n\n\n\n<p>Ante el incumplimiento volvieron a aplicar la estrategia de presi\u00f3n, misma que afecta principalmente a la ciudadan\u00eda local y viajeros que transitan por la v\u00eda que comunica a Oaxaca con la regi\u00f3n del Istmo. Donde, adem\u00e1s, tambi\u00e9n realizaron quema de llantas.<\/p>\n\n\n\n<p>INCONFORMIDAD<\/p>\n\n\n\n<p>La inconformidad ciudadana tambi\u00e9n estall\u00f3 ante este tipo de protestas, pues cientos deben caminar por kil\u00f3metros para cruzar el bloqueo, a\u00fan con enfermedades o urgencias, mientras los quejosos solo esperan en la sombra, sentados, una respuesta y para los funcionarios no hay ninguna repercusi\u00f3n.<\/p>\n\n\n\n<p>\u201cNo es justo que tapen ac\u00e1, si tiene problemas con el pinche gobierno, que vayan a tapar su casa, el palacio, ah\u00ed viene gente enferma, gente que tiene consulta y la gente pendeja tapando como si no tiene cosas que hacer. Que vayan a la oficina de gobierno no la carretera\u201d, reclam\u00f3 una ciudadana que llevaba del brazo a una adulta mayor.<\/p>\n\n\n\n<p>Al lugar tambi\u00e9n arribaron autoridades ejidales de Santa Mar\u00eda El Tule, que en desacuerdo a la protesta que ya invadi\u00f3 el \u00e1rea ejidal.<\/p>\n\n\n\n<p>Los ejidatarios demandaron a los manifestantes mover su bloqueo a otro punto de la vialidad, pues el paso de unidades pesadas causa afectaciones a siete puentes cosecheros que son ocupados como v\u00edas alternas.<\/p>\n\n\n\n<p>\u201cMe est\u00e1n afectando a mi ejido y el pueblo exige que yo los proteja. Ustedes van a logara su objetivo, pero nos van a dejar un problema\u201d, destac\u00f3 David Mat\u00edas, presentante ejidal ante las autoridades inconformes, quienes mostraron poco inter\u00e9s.<\/p>\n\n\n\n<p>Incluso, advirti\u00f3 que el pueblo de Santa Mar\u00eda El Tule tambi\u00e9n podr\u00eda responder al bloqueo para proteger sus tierras.<\/p>\n\n\n\n<figure class=\"wp-block-embed is-type-rich is-provider-twitter wp-block-embed-twitter\"><div class=\"wp-block-embed__wrapper\">\n<div class=\"twitter-tweet\"><blockquote class=\"twitter-tweet\" data-lang=\"es\"><p lang=\"es\" dir=\"ltr\"><a href=\"https:\/\/twitter.com\/hashtag\/%C3%9AltimoMinuto?src=hash&amp;ref_src=twsrc%5Etfw\">#\u00daltimoMinuto<\/a> <br>Ejidatarios de Santa Mar\u00eda El Tule, encabezados por David Mat\u00edas, reclaman a autoridades de poblaciones que bloquean la v\u00eda federal 190, cerca de la planta de Pemex, porque con uso de caminos alternos, da\u00f1an sus caminos y puentes cosecheros. <a href=\"https:\/\/t.co\/dSRuKC9YY4\">pic.twitter.com\/dSRuKC9YY4<\/a><\/p>&mdash; Zona Roja Oaxaca (@ZonaRoja_Oaxaca) <a href=\"https:\/\/twitter.com\/ZonaRoja_Oaxaca\/status\/1556699468938231808?ref_src=twsrc%5Etfw\">8 de agosto de 2022<\/a><\/blockquote><\/div>\n<\/div><\/figure>\n\n\n\n<p>SUPUESTAS DEMANDAS<\/p>\n\n\n\n<p>Entre las demandas, las autoridades municipales resaltaron obras como cuartos-dormitorios para el caso de San Juan Coatz\u00f3spam, con una inversi\u00f3n de dos millones de pesos; en San Mart\u00edn Itunyoso demandan nueve millones de pesos para una pavimentaci\u00f3n de calle y en San Francisco Telixtlauaca 1.5 millones de pesos para una electrificaci\u00f3n.<\/p>\n\n\n\n<p>En la Uni\u00f3n de Autoridades, de las diferentes regiones, tambi\u00e9n participan San Miguel Tilqui\u00e1pam, San Jer\u00f3nimo Taviche, Santa Mar\u00eda Guelac\u00e9, Santa Cruz Amilpas, de Valles Centrales; San Juan Quiahije de la Sierra Sur; Santa Ana Yareni, San Miguel Quetzaltepec Mixe&nbsp;de la Sierra Norte y Huautla de la regi\u00f3n Ca\u00f1ada, entre otros.<\/p>\n\n\n\n<p>CHOCHOLTECOS ALZAN LA VOZ<\/p>\n\n\n\n<p>Desde las primeras horas del d\u00eda, habitantes de 19 pueblos chocholtecos del distrito de Coixtlahuaca-Nochixtlan, de la Mixteca de Oaxaca, cerraron el paso sobre la autopista Oaxaca-Puebla en inmediaciones de la caseta de peaje de Suchixtlahuaca.<\/p>\n\n\n\n<p>Los pueblos se\u00f1alaron que el gobierno del estado ha desatendido sus demandas para investigar el vuelo de avionetas \u201canti lluvia\u201d sobre sus comunidades, lo que ha ocasionado un periodo de sequ\u00eda en la zona.<\/p>\n\n\n\n<p>Las comunidades exigen saber qui\u00e9nes son los responsables de esa actividad que ha derivado en una crisis en sus campos.<\/p>\n\n\n\n<p>OTRAS PROTESTAS<\/p>\n\n\n\n<p>Integrantes del Sindicato \u00danico de Trabajadores del Telebachillerato Comunitario del Estado de Oaxaca (SUTTEBCEO), respaldados por la organizaci\u00f3n \u201cSol Rojo\u201d se manifestaron en Ciudad Administrativa en Tlalixtac de Cabrera.<\/p>\n\n\n\n<p>El acceso al recinto que alberga las oficinas de la Segego fueron cerradas por los inconformes para exigir una mesa de di\u00e1logo para que se concrete la revisi\u00f3n contractual de su contrato laboral y advirtieron del estallamiento de huelga el 29 de agosto, lo que impedir\u00eda el regreso a clases.<\/p>\n\n\n\n<p>Por su parte, la fracci\u00f3n que lidera JulioMora P\u00e9rez del Sindicato de Trabajadores y Empleados de la Universidad Aut\u00f3noma \u201cBenito Ju\u00e1rez\u201d de Oaxaca (STEUABJO) realiz\u00f3 por unas horas bloqueos para exigir el pago de adeudos del programa de calidad y eficiencia.<\/p>\n\n\n\n<p>Con la \u201ctoma\u201d de unidades del transporte urbano bloquearon frente a Ciudad Universitaria, en avenida Universidad y el crucero de Cinco Se\u00f1ores, pero al ser liberados estos puntos, horas despu\u00e9s, retuvieron los camiones al interior del campus.<\/p>\n\n\n\n<p>Por otra parte, en el z\u00f3calo de la capital, se manifestaron locatarios del mercado \u201cAmor y Fe\u201d de Santa Catarina Juquila en reclamo al gobierno del estado por la incapacidad para concluir los trabajos de rehabilitaci\u00f3n del inmueble donde venden.<\/p>\n\n\n\n<p>Los comerciantes se\u00f1alaron que desde noviembre de 2020 inici\u00f3 la obra que ser\u00eda s\u00f3lo por 120 d\u00edas, y desde ese entonces fueron desalojados y no han tenido las condiciones para vender en otro espacio, por lo que exigen la inmediata terminaci\u00f3n de la rehabilitaci\u00f3n.<\/p>\n\n\n\n<figure class=\"wp-block-embed is-type-rich is-provider-twitter wp-block-embed-twitter\"><div class=\"wp-block-embed__wrapper\">\n<div class=\"twitter-tweet\"><blockquote class=\"twitter-tweet\" data-lang=\"es\"><p lang=\"es\" dir=\"ltr\"><a href=\"https:\/\/twitter.com\/hashtag\/%C3%9AltimoMinuto?src=hash&amp;ref_src=twsrc%5Etfw\">#\u00daltimoMinuto<\/a> <br>Como cada lunes -y como todos los d\u00edas-, inician temprano las protestas y bloqueos en Oaxaca. <br>Pobladores de la regiones Ca\u00f1ada y Mixteca bloquean la caseta de conteo en Suchixtlahuaca, en la supercarretera Oaxaca-Cuacnopalan. <a href=\"https:\/\/t.co\/EQ1AMiR289\">pic.twitter.com\/EQ1AMiR289<\/a><\/p>&mdash; Zona Roja Oaxaca (@ZonaRoja_Oaxaca) <a href=\"https:\/\/twitter.com\/ZonaRoja_Oaxaca\/status\/1556622740437831681?ref_src=twsrc%5Etfw\">8 de agosto de 2022<\/a><\/blockquote><\/div>\n<\/div><\/figure>\n","protected":false},"excerpt":{"rendered":"<p>Yuridiana Sosa\/Zona Roja. Oaxaca de Ju\u00e1rez, Oax., a 8 de agosto de 2022.- Una vez&hellip;<\/p>\n","protected":false},"author":2,"featured_media":44397,"comment_status":"closed","ping_status":"open","sticky":false,"template":"","format":"standard","meta":{"_lmt_disableupdate":"","_lmt_disable":"","_jetpack_memberships_contains_paid_content":false,"footnotes":""},"categories":[109,47],"tags":[2264],"class_list":["post-44396","post","type-post","status-publish","format-standard","has-post-thumbnail","hentry","category-minuto-a-minuto","category-zona-gris","tag-bloqueos-y-protestas-oaxaca"],"jetpack_featured_media_url":"https:\/\/zonaroja.com.mx\/wp-content\/uploads\/2022\/08\/Bloqueo-municipios-carretera-Pemex-El-Tule.jpg","jetpack_sharing_enabled":true,"_links":{"self":[{"href":"https:\/\/zonaroja.com.mx\/index.php?rest_route=\/wp\/v2\/posts\/44396","targetHints":{"allow":["GET"]}}],"collection":[{"href":"https:\/\/zonaroja.com.mx\/index.php?rest_route=\/wp\/v2\/posts"}],"about":[{"href":"https:\/\/zonaroja.com.mx\/index.php?rest_route=\/wp\/v2\/types\/post"}],"author":[{"embeddable":true,"href":"https:\/\/zonaroja.com.mx\/index.php?rest_route=\/wp\/v2\/users\/2"}],"replies":[{"embeddable":true,"href":"https:\/\/zonaroja.com.mx\/index.php?rest_route=%2Fwp%2Fv2%2Fcomments&post=44396"}],"version-history":[{"count":1,"href":"https:\/\/zonaroja.com.mx\/index.php?rest_route=\/wp\/v2\/posts\/44396\/revisions"}],"predecessor-version":[{"id":44398,"href":"https:\/\/zonaroja.com.mx\/index.php?rest_route=\/wp\/v2\/posts\/44396\/revisions\/44398"}],"wp:featuredmedia":[{"embeddable":true,"href":"https:\/\/zonaroja.com.mx\/index.php?rest_route=\/wp\/v2\/media\/44397"}],"wp:attachment":[{"href":"https:\/\/zonaroja.com.mx\/index.php?rest_route=%2Fwp%2Fv2%2Fmedia&parent=44396"}],"wp:term":[{"taxonomy":"category","embeddable":true,"href":"https:\/\/zonaroja.com.mx\/index.php?rest_route=%2Fwp%2Fv2%2Fcategories&post=44396"},{"taxonomy":"post_tag","embeddable":true,"href":"https:\/\/zonaroja.com.mx\/index.php?rest_route=%2Fwp%2Fv2%2Ftags&post=44396"}],"curies":[{"name":"wp","href":"https:\/\/api.w.org\/{rel}","templated":true}]}}