{"id":44401,"date":"2022-08-08T19:38:11","date_gmt":"2022-08-09T00:38:11","guid":{"rendered":"http:\/\/www.zonaroja.com.mx\/?p=44401"},"modified":"2022-08-08T19:38:12","modified_gmt":"2022-08-09T00:38:12","slug":"no-cesan-lios-en-san-martin-peras-denuncia-edil-electo-que-pretenden-desconocerlo","status":"publish","type":"post","link":"https:\/\/zonaroja.com.mx\/?p=44401","title":{"rendered":"No cesan l\u00edos en San Mart\u00edn Peras; denuncia edil electo que pretenden desconocerlo"},"content":{"rendered":"\n<p>Yuridiana Sosa\/Zona Roja.<\/p>\n\n\n\n<p>Oaxaca de Ju\u00e1rez, Oax.,&nbsp; a 8 de agosto de 2022.- El presidente electo de San Mart\u00edn Peras, Elpidio Ram\u00edrez Morales, denunci\u00f3 la manipulaci\u00f3n y fabricaci\u00f3n de pruebas por parte del grupo af\u00edn al edil Rom\u00e1n Ju\u00e1rez Cruz para anular su elecci\u00f3n en la asamblea de Sistemas Normativos Ind\u00edgenas del pasado 26 de julio.<\/p>\n\n\n\n<p>En conferencia de prensa, frente a oficinas del Instituto Estatal Electoral y de Participaci\u00f3n Ciudadana de Oaxaca (IEEPCO) en la capital, apunt\u00f3 que el grupo opositor present\u00f3 una impugnaci\u00f3n para invalidar el proceso en el que el candidato af\u00edn al actual presidente perdi\u00f3.<\/p>\n\n\n\n<p>La impugnaci\u00f3n, dijo, est\u00e1 basada en hechos no existentes, creados por ellos mismos, as\u00ed como en situaciones de molestia del d\u00eda de la elecci\u00f3n que ellos mismos crearon al ver que iban en derrota.<\/p>\n\n\n\n<p>Elpidio Ram\u00edrez dijo que existe un rechazo a su mandato porque \u00e9l ha manifestado y puesto sobre el ojo p\u00fablico los presuntos actos de corrupci\u00f3n y mal uso del recurso p\u00fablico de la administraci\u00f3n actual.<\/p>\n\n\n\n<p>En n\u00famero de votos, agreg\u00f3, obtuvo un total de m\u00e1s de 830, lo que es relevante ante un promedio de 300 votos que en periodo anteriores obten\u00eda un candidato electo a presidente.<\/p>\n\n\n\n<p>Tras el resultado de la elecci\u00f3n, por usos y costumbres, ha recibido una serie de amenazas del grupo opositor, las cuales no detall\u00f3.<\/p>\n\n\n\n<p>Sin embargo, los responsabiliz\u00f3 de cualquier acto de inestabilidad que se genere en la comunidad, as\u00ed como al propio IEEPCO en caso de invalidar su elecci\u00f3n, pues realizar\u00edan protestas.<\/p>\n\n\n\n<p>En San Mart\u00edn Peras existe una tensa situaci\u00f3n desde la llegada de Rom\u00e1n Ju\u00e1rez Cruz, quien a finales de enero estuvo retenido por casi 20 d\u00edas en la c\u00e1rcel municipal por presunto desv\u00edo de recursos.<\/p>\n\n\n\n<p>Ante su mala gesti\u00f3n, el pueblo demand\u00f3 su renuncia, la cual firm\u00f3 en medio del conflicto, pero que finalmente no dej\u00f3 y sigui\u00f3 despachando fuera de la comunidad.<\/p>\n\n\n\n<p>A finales de junio, el IEEPCO aprob\u00f3 por mayor\u00eda de votos no validar la Terminaci\u00f3n Anticipada de Mandato de las concejal\u00edas propietarias y suplencias del Ayuntamiento de San Mart\u00edn Peras, electas en el a\u00f1o 2019, toda vez que la Asamblea General celebrada el pasado mes de abril no se realiz\u00f3 bajo par\u00e1metros de certeza ni se apeg\u00f3 al Sistema Normativo Ind\u00edgena del municipio.<\/p>\n","protected":false},"excerpt":{"rendered":"<p>Yuridiana Sosa\/Zona Roja. Oaxaca de Ju\u00e1rez, Oax.,&nbsp; a 8 de agosto de 2022.- El presidente&hellip;<\/p>\n","protected":false},"author":2,"featured_media":44402,"comment_status":"closed","ping_status":"open","sticky":false,"template":"","format":"standard","meta":{"_lmt_disableupdate":"","_lmt_disable":"","_jetpack_memberships_contains_paid_content":false,"footnotes":""},"categories":[109,47],"tags":[1872],"class_list":["post-44401","post","type-post","status-publish","format-standard","has-post-thumbnail","hentry","category-minuto-a-minuto","category-zona-gris","tag-san-martin-peras"],"jetpack_featured_media_url":"https:\/\/zonaroja.com.mx\/wp-content\/uploads\/2022\/08\/Protesta-San-Martin-Pereas.jpg","jetpack_sharing_enabled":true,"_links":{"self":[{"href":"https:\/\/zonaroja.com.mx\/index.php?rest_route=\/wp\/v2\/posts\/44401","targetHints":{"allow":["GET"]}}],"collection":[{"href":"https:\/\/zonaroja.com.mx\/index.php?rest_route=\/wp\/v2\/posts"}],"about":[{"href":"https:\/\/zonaroja.com.mx\/index.php?rest_route=\/wp\/v2\/types\/post"}],"author":[{"embeddable":true,"href":"https:\/\/zonaroja.com.mx\/index.php?rest_route=\/wp\/v2\/users\/2"}],"replies":[{"embeddable":true,"href":"https:\/\/zonaroja.com.mx\/index.php?rest_route=%2Fwp%2Fv2%2Fcomments&post=44401"}],"version-history":[{"count":1,"href":"https:\/\/zonaroja.com.mx\/index.php?rest_route=\/wp\/v2\/posts\/44401\/revisions"}],"predecessor-version":[{"id":44403,"href":"https:\/\/zonaroja.com.mx\/index.php?rest_route=\/wp\/v2\/posts\/44401\/revisions\/44403"}],"wp:featuredmedia":[{"embeddable":true,"href":"https:\/\/zonaroja.com.mx\/index.php?rest_route=\/wp\/v2\/media\/44402"}],"wp:attachment":[{"href":"https:\/\/zonaroja.com.mx\/index.php?rest_route=%2Fwp%2Fv2%2Fmedia&parent=44401"}],"wp:term":[{"taxonomy":"category","embeddable":true,"href":"https:\/\/zonaroja.com.mx\/index.php?rest_route=%2Fwp%2Fv2%2Fcategories&post=44401"},{"taxonomy":"post_tag","embeddable":true,"href":"https:\/\/zonaroja.com.mx\/index.php?rest_route=%2Fwp%2Fv2%2Ftags&post=44401"}],"curies":[{"name":"wp","href":"https:\/\/api.w.org\/{rel}","templated":true}]}}