{"id":44407,"date":"2022-08-08T21:44:39","date_gmt":"2022-08-09T02:44:39","guid":{"rendered":"http:\/\/www.zonaroja.com.mx\/?p=44407"},"modified":"2022-08-08T21:44:41","modified_gmt":"2022-08-09T02:44:41","slug":"enesima-ejecucion-en-ocotlan-identifican-a-asesinados-en-etla","status":"publish","type":"post","link":"https:\/\/zonaroja.com.mx\/?p=44407","title":{"rendered":"En\u00e9sima ejecuci\u00f3n en Ocotl\u00e1n; identifican a asesinados en Etla"},"content":{"rendered":"\n<p>Redacci\u00f3n\/Zona Roja.<\/p>\n\n\n\n<p>Oaxaca de Ju\u00e1rez, Oax., a 8 de agosto de 2022.- En menos de una semana, tres personas han sido asesinadas a balazos en Ocotl\u00e1n de Morelos, municipio de la regi\u00f3n Valles Centrales de Oaxaca.<\/p>\n\n\n\n<p>El m\u00e1s reciente hecho ocurri\u00f3 la tarde de este lunes en un domicilio de la colonia Juquilita, en que ultimaron a balazos a una persona del sexo masculino identificada como Agust\u00edn M. G., de 65 a\u00f1os de edad.<\/p>\n\n\n\n<p>Presuntamente previo a ello hubo un intercambio de disparos de arma de fuego; el o los agresores lograron darse a la fuga.<\/p>\n\n\n\n<p>El martes 2 de agosto fue ultimado a balazos un individuo y otro m\u00e1s el d\u00eda mi\u00e9rcoles 3.<\/p>\n\n\n\n<p>Mientras que en ese mismo municipio, la Fiscal\u00eda General del Estado de Oaxaca inform\u00f3 que efectu\u00f3 un operativo de cateo en un domicilio para aprehender a cuatro personas, entre ellas una mujer, presuntamente ligadas al secuestro de una persona.<\/p>\n\n\n\n<p>IDENTIFICAN A EJECUTADOS<\/p>\n\n\n\n<p>Por otra parte, este mismo d\u00eda fueron identificadas las dos personas del sexo masculino ejecutadas en Santiaguito, agencia del municipio de San Lorenzo Cacaotepec, perpetrado la madrugada de este lunes.<\/p>\n\n\n\n<p>Se trata de los trabajadores de la compa\u00f1\u00eda IZZI Eleazar R. S., originario de Santa Cruz Xoxocotl\u00e1n, y Jaime M. C., de San Antonio de la Cal; hasta el momento no hay indicios de qui\u00e9n o qui\u00e9nes los ultimaron a balazos.<\/p>\n\n\n\n<p>LINCHADO ERA DE CHIAPAS<\/p>\n\n\n\n<p>En tanto, como Gabriel D. E., de 49 a\u00f1os de edad y originario del estado de Chiapas, fue identificado el hombre que fue linchado en Trinidad de Viguera, agencia de Oaxaca de Ju\u00e1rez, el pasado 3 de agosto.<\/p>\n\n\n\n<p>Supuestamente lo golpearon hasta matarlo porque junto con otras dos personas ingres\u00f3 a robar a un domicilio; uno m\u00e1s logr\u00f3 ser rescatado por polic\u00edas de Sam Pablo, Etla, y otro m\u00e1s pudo huir de la zona. Hasta el momento no hay detenciones por este caso.<\/p>\n","protected":false},"excerpt":{"rendered":"<p>Redacci\u00f3n\/Zona Roja. Oaxaca de Ju\u00e1rez, Oax., a 8 de agosto de 2022.- En menos de&hellip;<\/p>\n","protected":false},"author":2,"featured_media":44408,"comment_status":"closed","ping_status":"open","sticky":false,"template":"","format":"standard","meta":{"_lmt_disableupdate":"","_lmt_disable":"","_jetpack_memberships_contains_paid_content":false,"footnotes":""},"categories":[109,51],"tags":[835],"class_list":["post-44407","post","type-post","status-publish","format-standard","has-post-thumbnail","hentry","category-minuto-a-minuto","category-zona-roja","tag-ocotlan-de-morelos"],"jetpack_featured_media_url":"https:\/\/zonaroja.com.mx\/wp-content\/uploads\/2022\/08\/Ejecutado-Ocotlan-de-Morelos.jpeg","jetpack_sharing_enabled":true,"_links":{"self":[{"href":"https:\/\/zonaroja.com.mx\/index.php?rest_route=\/wp\/v2\/posts\/44407","targetHints":{"allow":["GET"]}}],"collection":[{"href":"https:\/\/zonaroja.com.mx\/index.php?rest_route=\/wp\/v2\/posts"}],"about":[{"href":"https:\/\/zonaroja.com.mx\/index.php?rest_route=\/wp\/v2\/types\/post"}],"author":[{"embeddable":true,"href":"https:\/\/zonaroja.com.mx\/index.php?rest_route=\/wp\/v2\/users\/2"}],"replies":[{"embeddable":true,"href":"https:\/\/zonaroja.com.mx\/index.php?rest_route=%2Fwp%2Fv2%2Fcomments&post=44407"}],"version-history":[{"count":1,"href":"https:\/\/zonaroja.com.mx\/index.php?rest_route=\/wp\/v2\/posts\/44407\/revisions"}],"predecessor-version":[{"id":44409,"href":"https:\/\/zonaroja.com.mx\/index.php?rest_route=\/wp\/v2\/posts\/44407\/revisions\/44409"}],"wp:featuredmedia":[{"embeddable":true,"href":"https:\/\/zonaroja.com.mx\/index.php?rest_route=\/wp\/v2\/media\/44408"}],"wp:attachment":[{"href":"https:\/\/zonaroja.com.mx\/index.php?rest_route=%2Fwp%2Fv2%2Fmedia&parent=44407"}],"wp:term":[{"taxonomy":"category","embeddable":true,"href":"https:\/\/zonaroja.com.mx\/index.php?rest_route=%2Fwp%2Fv2%2Fcategories&post=44407"},{"taxonomy":"post_tag","embeddable":true,"href":"https:\/\/zonaroja.com.mx\/index.php?rest_route=%2Fwp%2Fv2%2Ftags&post=44407"}],"curies":[{"name":"wp","href":"https:\/\/api.w.org\/{rel}","templated":true}]}}