{"id":44415,"date":"2022-08-10T11:59:00","date_gmt":"2022-08-10T16:59:00","guid":{"rendered":"http:\/\/www.zonaroja.com.mx\/?p=44415"},"modified":"2022-08-09T07:29:31","modified_gmt":"2022-08-09T12:29:31","slug":"opinion-encuestas-pueblo-y-publico","status":"publish","type":"post","link":"https:\/\/zonaroja.com.mx\/?p=44415","title":{"rendered":"Opini\u00f3n. Encuestas, pueblo y p\u00fablico"},"content":{"rendered":"\n<p>Gibr\u00e1n Ram\u00edrez Reyes*<\/p>\n\n\n\n<p>Uno de los conceptos pol\u00edticos manoseados en estos tiempos sin saber bien de qu\u00e9 se trata es el de \u201cpueblo\u201d, la categor\u00eda pol\u00edtica b\u00e1sica de la democracia. El mal entendimiento ha llevado, por ejemplo, a que la dirigencia de Morena mienta, sin aparente reparo, pudor o cargo de conciencia, y defienda el m\u00e9todo de selecci\u00f3n de candidatos por encuestas porque, supuestamente, con ellas se consulta al pueblo. Lo que se hace al argumentar eso, con profundas consecuencias, es confundir el concepto de pueblo con el de p\u00fablico.<\/p>\n\n\n\n<p>Aunque existe la tentaci\u00f3n de pensarlo como un universal, pueblo no se refiere a todas las personas que forman parte de una comunidad pol\u00edtica en todos los momentos. El pueblo se distingue porque es un sujeto colectivo que expresa una voluntad.&nbsp;<\/p>\n\n\n\n<p>Por lo tanto, el pueblo se construye en la generaci\u00f3n de esa voluntad y el paso a una acci\u00f3n colectiva mayoritaria. En ese sentido, el pueblo es algo que sucede, un sujeto colectivo que se forma en la acci\u00f3n. &nbsp;En eso se distingue del p\u00fablico, que est\u00e1 vinculado por la circulaci\u00f3n de discursos en \u00e9l.&nbsp;<\/p>\n\n\n\n<p>El p\u00fablico, aunque tenga criterio, es primordialmente receptor. Van hasta \u00e9l los discursos: en la televisi\u00f3n, en el diario, en el cine o en el teatro. Es principalmente espectador, aunque reaccione a los discursos que recibe. El pueblo, al contrario, es actuante: nunca es visible en la pasividad porque s\u00f3lo existe en acci\u00f3n, ya sea que se muestre en protestas generalizadas en un territorio o votando el d\u00eda de una elecci\u00f3n.<\/p>\n\n\n\n<p>Las encuestas son un discurso que busca una reacci\u00f3n del p\u00fablico al que van a consultar, pero no concitan voluntad de acci\u00f3n alguna y hay un mundo de distancia entre formar una opini\u00f3n, estar dispuesto a expresarla y tomar parte de una acci\u00f3n colectiva. Por eso, confundir pueblo con p\u00fablico es profundamente antidemocr\u00e1tico y cultiva la pasividad.<\/p>\n\n\n\n<p>La consulta demosc\u00f3pica al p\u00fablico que recientemente realiz\u00f3 Morena muestra que Delfina G\u00f3mez es la m\u00e1s conocida entre los aspirantes a gobernar el Estado de M\u00e9xico. Es normal: es secretaria de educaci\u00f3n p\u00fablica, fue delegada y senadora, y ya hizo una campa\u00f1a a la gubernatura.&nbsp;<\/p>\n\n\n\n<p>Es una mujer popular. Podr\u00eda decir que es carism\u00e1tica y parece bienintencionada. Eso es todo lo que importa, pues la supuesta valoraci\u00f3n de atributos que hicieron las personas en la encuesta no muestra diferencias estad\u00edsticamente significativas.&nbsp;<\/p>\n\n\n\n<p>En realidad, todo es un reflejo del reconocimiento. En principio, elegir un candidato conocido es un acierto. &nbsp;Sin embargo, el paso de Delfina G\u00f3mez por la SEP no fue s\u00f3lo gris, sino desastroso frente a la principal crisis educativa y de la infancia que ha habido en la historia moderna del mundo.&nbsp;<\/p>\n\n\n\n<p>Por eso y ante el descontento del magisterio y padres de familia que han atestiguado el descuido de la escuela p\u00fablica mexicana, la selecci\u00f3n puede convertirse en un error que pesar\u00e1 a la hora de construir voluntad colectiva y convertirla en acci\u00f3n. Si se suma el maltrato a organizadores \u2013constructores de pueblo\u2014 como Higinio Mart\u00ednez, la batalla por la voluntad popular (que en las actuales encuestas parece un d\u00eda de campo) podr\u00eda complicarse para Morena, aunque para ello har\u00eda falta una oposici\u00f3n seria.<\/p>\n\n\n\n<p>*Doctor en ciencia pol\u00edtica por la UNAM.<\/p>\n\n\n\n<p>@Gibranrr<\/p>\n","protected":false},"excerpt":{"rendered":"<p>Gibr\u00e1n Ram\u00edrez Reyes* Uno de los conceptos pol\u00edticos manoseados en estos tiempos sin saber bien&hellip;<\/p>\n","protected":false},"author":2,"featured_media":41734,"comment_status":"closed","ping_status":"open","sticky":false,"template":"","format":"standard","meta":{"_lmt_disableupdate":"","_lmt_disable":"","_jetpack_memberships_contains_paid_content":false,"footnotes":""},"categories":[456,109],"tags":[2489],"class_list":["post-44415","post","type-post","status-publish","format-standard","has-post-thumbnail","hentry","category-columna","category-minuto-a-minuto","tag-gibran-ramirez-reyes"],"jetpack_featured_media_url":"https:\/\/zonaroja.com.mx\/wp-content\/uploads\/2022\/05\/Opinion-Gibran-Ramirez-Reyes.jpg","jetpack_sharing_enabled":true,"_links":{"self":[{"href":"https:\/\/zonaroja.com.mx\/index.php?rest_route=\/wp\/v2\/posts\/44415","targetHints":{"allow":["GET"]}}],"collection":[{"href":"https:\/\/zonaroja.com.mx\/index.php?rest_route=\/wp\/v2\/posts"}],"about":[{"href":"https:\/\/zonaroja.com.mx\/index.php?rest_route=\/wp\/v2\/types\/post"}],"author":[{"embeddable":true,"href":"https:\/\/zonaroja.com.mx\/index.php?rest_route=\/wp\/v2\/users\/2"}],"replies":[{"embeddable":true,"href":"https:\/\/zonaroja.com.mx\/index.php?rest_route=%2Fwp%2Fv2%2Fcomments&post=44415"}],"version-history":[{"count":1,"href":"https:\/\/zonaroja.com.mx\/index.php?rest_route=\/wp\/v2\/posts\/44415\/revisions"}],"predecessor-version":[{"id":44416,"href":"https:\/\/zonaroja.com.mx\/index.php?rest_route=\/wp\/v2\/posts\/44415\/revisions\/44416"}],"wp:featuredmedia":[{"embeddable":true,"href":"https:\/\/zonaroja.com.mx\/index.php?rest_route=\/wp\/v2\/media\/41734"}],"wp:attachment":[{"href":"https:\/\/zonaroja.com.mx\/index.php?rest_route=%2Fwp%2Fv2%2Fmedia&parent=44415"}],"wp:term":[{"taxonomy":"category","embeddable":true,"href":"https:\/\/zonaroja.com.mx\/index.php?rest_route=%2Fwp%2Fv2%2Fcategories&post=44415"},{"taxonomy":"post_tag","embeddable":true,"href":"https:\/\/zonaroja.com.mx\/index.php?rest_route=%2Fwp%2Fv2%2Ftags&post=44415"}],"curies":[{"name":"wp","href":"https:\/\/api.w.org\/{rel}","templated":true}]}}