{"id":44417,"date":"2022-08-09T07:35:36","date_gmt":"2022-08-09T12:35:36","guid":{"rendered":"http:\/\/www.zonaroja.com.mx\/?p=44417"},"modified":"2022-08-09T07:35:37","modified_gmt":"2022-08-09T12:35:37","slug":"detienen-en-huajuapan-a-mujer-por-probable-desaparicion-de-una-persona","status":"publish","type":"post","link":"https:\/\/zonaroja.com.mx\/?p=44417","title":{"rendered":"Detienen en Huajuapan a mujer por probable desaparici\u00f3n de una persona"},"content":{"rendered":"\n<p>Redacci\u00f3n\/Zona Roja.<\/p>\n\n\n\n<p>Oaxaca de Ju\u00e1rez, Oax., a 9 de agosto de 2022.- La Fiscal\u00eda General del Estado de Oaxaca (FGEO) logr\u00f3 aprehender a una persona del sexo femenino identificada como S. M. L. P., probablemente involucrada en el delito de desaparici\u00f3n forzada de persona por particulares en agravio del masculino A. H. S., cometido en agosto de 2021, en la Heroica Ciudad de Huajuapan de Le\u00f3n, en la regi\u00f3n de la Mixteca.<\/p>\n\n\n\n<p>De acuerdo con la carpeta de investigaci\u00f3n 28936-FMIX-HUAJUAPAN-2022, el 31 de agosto de 2021, la v\u00edctima se dirigi\u00f3 -a bordo de su motocicleta- a un domicilio ubicado en la colonia Alta Vista de Huajuapan de Le\u00f3n, a fin de ver a la probable responsable, desconoci\u00e9ndose su paradero hasta la fecha.<\/p>\n\n\n\n<p>Ante este hecho, la instituci\u00f3n de procuraci\u00f3n de justicia inici\u00f3 una exhaustiva investigaci\u00f3n -a trav\u00e9s de la Vicefiscal\u00eda Regional de la Mixteca-, logrando identificar y aprehender a la probable responsable, quien fue presentada ante la autoridad judicial correspondiente, quien determinar\u00e1 su situaci\u00f3n jur\u00eddica en las pr\u00f3ximas horas.<\/p>\n\n\n\n<p>La Fiscal\u00eda General garantiza justicia plena a v\u00edctimas de delitos que atentan contra la libertad, aplicando todo el rigor de la Ley a quienes resulten responsables.<\/p>\n\n\n\n<p>PROBABLE VIOLADOR<\/p>\n\n\n\n<p>En otro hecho, la Fiscal\u00eda General del Estado logr\u00f3 aprehender a la persona del sexo masculino identificado como C. S. R., probable responsable del delito de violaci\u00f3n equiparada y pederastia, en agravio de una adolescente de identidad reservada por Ley, cometido en la Heroica Ciudad de Huajuapan de Le\u00f3n, en la regi\u00f3n de la Mixteca.<\/p>\n\n\n\n<p>De acuerdo con la causa penal 153\/2022, en diferentes fechas de febrero y marzo de 2022, el imputado probablemente agredi\u00f3 de manera sexual a la v\u00edctima, cuando se encontraba en un domicilio ubicado en la colonia Buenavista de Huajuapan de Le\u00f3n.<\/p>\n\n\n\n<p>Ante este hecho y tras la denuncia presentada por familiares de la v\u00edctima, la FGEO intervino -a trav\u00e9s de la Vicefiscal\u00eda Regional de la Mixteca-, logrando identificar, aprehender y presentar al probable agresor sexual ante la autoridad judicial que lo requiri\u00f3, quien determinar\u00e1 su situaci\u00f3n jur\u00eddica en las pr\u00f3ximas horas.<\/p>\n","protected":false},"excerpt":{"rendered":"<p>Redacci\u00f3n\/Zona Roja. Oaxaca de Ju\u00e1rez, Oax., a 9 de agosto de 2022.- La Fiscal\u00eda General&hellip;<\/p>\n","protected":false},"author":2,"featured_media":34298,"comment_status":"closed","ping_status":"open","sticky":false,"template":"","format":"standard","meta":{"_lmt_disableupdate":"","_lmt_disable":"","_jetpack_memberships_contains_paid_content":false,"footnotes":""},"categories":[109,46],"tags":[494],"class_list":["post-44417","post","type-post","status-publish","format-standard","has-post-thumbnail","hentry","category-minuto-a-minuto","category-zona-blanca","tag-fiscalia-general-del-estado-de-oaxaca"],"jetpack_featured_media_url":"https:\/\/zonaroja.com.mx\/wp-content\/uploads\/2021\/11\/Detenida-mujer-delito-aprehendida1.jpg","jetpack_sharing_enabled":true,"_links":{"self":[{"href":"https:\/\/zonaroja.com.mx\/index.php?rest_route=\/wp\/v2\/posts\/44417","targetHints":{"allow":["GET"]}}],"collection":[{"href":"https:\/\/zonaroja.com.mx\/index.php?rest_route=\/wp\/v2\/posts"}],"about":[{"href":"https:\/\/zonaroja.com.mx\/index.php?rest_route=\/wp\/v2\/types\/post"}],"author":[{"embeddable":true,"href":"https:\/\/zonaroja.com.mx\/index.php?rest_route=\/wp\/v2\/users\/2"}],"replies":[{"embeddable":true,"href":"https:\/\/zonaroja.com.mx\/index.php?rest_route=%2Fwp%2Fv2%2Fcomments&post=44417"}],"version-history":[{"count":1,"href":"https:\/\/zonaroja.com.mx\/index.php?rest_route=\/wp\/v2\/posts\/44417\/revisions"}],"predecessor-version":[{"id":44418,"href":"https:\/\/zonaroja.com.mx\/index.php?rest_route=\/wp\/v2\/posts\/44417\/revisions\/44418"}],"wp:featuredmedia":[{"embeddable":true,"href":"https:\/\/zonaroja.com.mx\/index.php?rest_route=\/wp\/v2\/media\/34298"}],"wp:attachment":[{"href":"https:\/\/zonaroja.com.mx\/index.php?rest_route=%2Fwp%2Fv2%2Fmedia&parent=44417"}],"wp:term":[{"taxonomy":"category","embeddable":true,"href":"https:\/\/zonaroja.com.mx\/index.php?rest_route=%2Fwp%2Fv2%2Fcategories&post=44417"},{"taxonomy":"post_tag","embeddable":true,"href":"https:\/\/zonaroja.com.mx\/index.php?rest_route=%2Fwp%2Fv2%2Ftags&post=44417"}],"curies":[{"name":"wp","href":"https:\/\/api.w.org\/{rel}","templated":true}]}}