{"id":44419,"date":"2022-08-09T09:45:00","date_gmt":"2022-08-09T14:45:00","guid":{"rendered":"http:\/\/www.zonaroja.com.mx\/?p=44419"},"modified":"2022-08-09T08:08:44","modified_gmt":"2022-08-09T13:08:44","slug":"cumplio-tres-dias-incendio-de-planta-petrolera-en-cuba-y-crece-tragedia","status":"publish","type":"post","link":"https:\/\/zonaroja.com.mx\/?p=44419","title":{"rendered":"Cumpli\u00f3 tres d\u00edas incendio de planta petrolera en Cuba y crece tragedia"},"content":{"rendered":"\n<p>Redacci\u00f3n\/Zona Roja Cdmx.<\/p>\n\n\n\n<p>Ciudad de M\u00e9xico, a 9 de agosto de 2022.- Un incendio de grandes proporciones en una base de almacenamiento de crudo en la provincia cubana de Matanzas se complic\u00f3 ayer luego de que un tercer tanque qued\u00f3 envuelto en llamas, inform\u00f3 el gobernador de la provincia, Mario Sabines, mientras un cuarto tanque corre riesgo, aunque no ha sido alcanzado por el fuego.<\/p>\n\n\n\n<p>El desastre ocasionado por la ca\u00edda de un rayo sum\u00f3 tensi\u00f3n a la crisis energ\u00e9tica en Cuba, con apagones diarios de varias horas en medio de un duro verano. La Uni\u00f3n El\u00e9ctrica de Cuba previ\u00f3 m\u00e1s apagones por d\u00e9ficit de 924 MW en horario pico.<\/p>\n\n\n\n<p>\u201cEl tercer tanque tambi\u00e9n colaps\u00f3, tras de que del segundo se vertiera el combustible y comprometiera m\u00e1s la situaci\u00f3n en la madrugada\u201d, dijo Sabines a la televisi\u00f3n estatal.<\/p>\n\n\n\n<p>El enorme incendio que tiene en tensi\u00f3n a Cuba desde hace tres d\u00edas deja al menos un muerto (un bombero de 60 a\u00f1os) mientras otros 16 bomberos siguen desaparecidos. Sabines agreg\u00f3 que el \u00e1rea de incendio es \u201cbastante amplia\u201d y el esfuerzo de contenci\u00f3n es \u201cmuy complejo\u201d.<\/p>\n\n\n\n<p>El siniestro en las afueras de Matanzas, ciudad de 140 mil habitantes, 100 kil\u00f3metros al este de La Habana, se desat\u00f3 el viernes por la noche despu\u00e9s de que un rayo impact\u00f3 en uno de los ocho tanques de una base de almacenamiento de combustible. Unas 5 mil personas fueron evacuadas de los alrededores del lugar del desastre, seg\u00fan las autoridades.<\/p>\n\n\n\n<p>Varios vuelos de M\u00e9xico y Venezuela con expertos, bomberos, equipos e insumos de sus compa\u00f1\u00edas petroleras Pemex y Petr\u00f3leos de Venezuela llegaron a la isla desde el s\u00e1bado en la noche para colaborar.<\/p>\n\n\n\n<p>Sabines dijo que los equipos preparaban un operativo para atacar las llamas con espuma, pero esto \u201cpuede demorar un poco\u201d. \u201cLas labores se intensifican para combatir un fuego que no cede. Otro d\u00eda decisivo\u201d, tuite\u00f3 la presidencia de Cuba.<\/p>\n\n\n\n<p>Seg\u00fan Cubapetr\u00f3leos, el primer tanque incendiado conten\u00eda unos 26 millones de litros de crudo, 50 por ciento de su capacidad.<\/p>\n\n\n\n<p>El segundo, que explot\u00f3 la medianoche del s\u00e1bado, contaba con 52 millones de litros de fuel oil. El tercer tanque ten\u00eda capacidad tambi\u00e9n para 52 millones de litros, pero las autoridades no precisaron qu\u00e9 cantidad de crudo hab\u00eda. En total se han atendido 125 heridos, 24 de los cuales siguen hospitalizados, cinco de ellos en estado cr\u00edtico y dos graves. La mayor\u00eda presenta quemaduras.<\/p>\n\n\n\n<p>Autoridades sanitarias dijeron que mantienen un monitoreo de las enfermedades respiratorias, y otras que pudieran estar asociadas a elementos t\u00f3xicos. El Ministerio de Salud recomend\u00f3 a la poblaci\u00f3n vulnerable usar mascarilla en \u00e1reas de concentraci\u00f3n de humo y evitar exponerse a la lluvia en esos lugares.<\/p>\n\n\n\n<p>Familiares de los desaparecidos se reunieron antier con el presidente Miguel D\u00edaz-Canel en un hotel de Matanzas, donde son asistidos por m\u00e9dicos y sic\u00f3logos en su angustiante espera. Actualmente hay poca visibilidad por el humo que rodea a la zona industrial, producto del incendio en las \u00e1reas aleda\u00f1as, tras el derramamiento de combustible de los tanques colapsados, constat\u00f3 Afp.<\/p>\n\n\n\n<p>El papa Francisco manifest\u00f3 su \u201ccercan\u00eda\u201d a los cubanos afectados por el incendio en Matanzas, inform\u00f3 la oficina de prensa del Vaticano.<\/p>\n\n\n\n<p>(Informaci\u00f3n de agencias en \u201cLa Jornada\u201d)<\/p>\n","protected":false},"excerpt":{"rendered":"<p>Redacci\u00f3n\/Zona Roja Cdmx. Ciudad de M\u00e9xico, a 9 de agosto de 2022.- Un incendio de&hellip;<\/p>\n","protected":false},"author":2,"featured_media":44420,"comment_status":"closed","ping_status":"open","sticky":false,"template":"","format":"standard","meta":{"_lmt_disableupdate":"","_lmt_disable":"","_jetpack_memberships_contains_paid_content":false,"footnotes":""},"categories":[109,47],"tags":[3221],"class_list":["post-44419","post","type-post","status-publish","format-standard","has-post-thumbnail","hentry","category-minuto-a-minuto","category-zona-gris","tag-incendio-planta-cuba"],"jetpack_featured_media_url":"https:\/\/zonaroja.com.mx\/wp-content\/uploads\/2022\/08\/Incendio-planta-petroleo-Cuba.jpeg","jetpack_sharing_enabled":true,"_links":{"self":[{"href":"https:\/\/zonaroja.com.mx\/index.php?rest_route=\/wp\/v2\/posts\/44419","targetHints":{"allow":["GET"]}}],"collection":[{"href":"https:\/\/zonaroja.com.mx\/index.php?rest_route=\/wp\/v2\/posts"}],"about":[{"href":"https:\/\/zonaroja.com.mx\/index.php?rest_route=\/wp\/v2\/types\/post"}],"author":[{"embeddable":true,"href":"https:\/\/zonaroja.com.mx\/index.php?rest_route=\/wp\/v2\/users\/2"}],"replies":[{"embeddable":true,"href":"https:\/\/zonaroja.com.mx\/index.php?rest_route=%2Fwp%2Fv2%2Fcomments&post=44419"}],"version-history":[{"count":1,"href":"https:\/\/zonaroja.com.mx\/index.php?rest_route=\/wp\/v2\/posts\/44419\/revisions"}],"predecessor-version":[{"id":44421,"href":"https:\/\/zonaroja.com.mx\/index.php?rest_route=\/wp\/v2\/posts\/44419\/revisions\/44421"}],"wp:featuredmedia":[{"embeddable":true,"href":"https:\/\/zonaroja.com.mx\/index.php?rest_route=\/wp\/v2\/media\/44420"}],"wp:attachment":[{"href":"https:\/\/zonaroja.com.mx\/index.php?rest_route=%2Fwp%2Fv2%2Fmedia&parent=44419"}],"wp:term":[{"taxonomy":"category","embeddable":true,"href":"https:\/\/zonaroja.com.mx\/index.php?rest_route=%2Fwp%2Fv2%2Fcategories&post=44419"},{"taxonomy":"post_tag","embeddable":true,"href":"https:\/\/zonaroja.com.mx\/index.php?rest_route=%2Fwp%2Fv2%2Ftags&post=44419"}],"curies":[{"name":"wp","href":"https:\/\/api.w.org\/{rel}","templated":true}]}}