{"id":4442,"date":"2019-09-30T22:35:47","date_gmt":"2019-10-01T03:35:47","guid":{"rendered":"http:\/\/www.zonaroja.com.mx\/?p=4442"},"modified":"2019-09-30T22:35:50","modified_gmt":"2019-10-01T03:35:50","slug":"grave-violencia-de-genero-en-oaxaca-hieren-a-balazos-a-madre-e-hija","status":"publish","type":"post","link":"https:\/\/zonaroja.com.mx\/?p=4442","title":{"rendered":"Grave violencia de g\u00e9nero en Oaxaca: hieren a balazos a madre e hija"},"content":{"rendered":"\n<p>Redacci\u00f3n\/Zona Roja.<\/p>\n\n\n\n<p>Foto: Especial<\/p>\n\n\n\n<p>Oaxaca de Ju\u00e1rez, Oax., 30 de septiembre\nde 2019.- Como grave se reporta el estado de salud de una madre y su joven hija\nque fueron ayer agredidas a balazos en la regi\u00f3n Mixteca de Oaxaca.<\/p>\n\n\n\n<p>Fue alrededor de las diez de la ma\u00f1ana\nen que dos mujeres se dirig\u00edan a la parada del taxi en la comunidad de Santa\nCruz Nundaco; en el lugar apareci\u00f3 un individuo que comenz\u00f3 a discutir con la\njoven de 18 a\u00f1os de edad, tras lo cual intervino la madre.<\/p>\n\n\n\n<p>Pero cuando intentaban retirarse, el\nindividuo sac\u00f3 un arma de fuego y dispar\u00f3 en contra de ellas; la mujer adulta\nrecibi\u00f3 al menos dos impactos de bala y la joven unos ocho; fueron llevadas al hospital\ndel IMSS de la Heroica Ciudad de Tlaxiaco, donde se debaten entre la vida y\nmuerte.<\/p>\n\n\n\n<p>Las v\u00edctimas fueron identificadas como\nRosa B. y Raquel B., y hasta el momento no hay personas detenidas. Una de ellas\nser\u00eda trasladada a la ciudad de Oaxaca ante la gravedad de las lesiones.<\/p>\n\n\n\n<p>A trav\u00e9s de las redes sociales se\ndifundi\u00f3 una fotograf\u00eda de Daniel P\u00e9rez Santiago, como probable agresor de las\nmujeres.<\/p>\n\n\n\n<p>SUPURAN CAD\u00c1VERES<\/p>\n\n\n\n<p>Por otra parte, en la parte del r\u00edo \u201cTonto\u201d\nque corresponde a San Juan Bautista Tuxtepec, hoy emergi\u00f3 otro cad\u00e1ver, con lo\nque suman cuatro v\u00edctimas en cuatro d\u00edas que han sido localizadas en el\nafluente.<\/p>\n\n\n\n<p>El cuerpo localizado la tarde de hoy\nestaba decapitado y maniatado y flotaba en jurisdicci\u00f3n de la comunidad de\nZacate Colorado.<\/p>\n\n\n\n<p>El pasado s\u00e1bado fueron hallados dos\ncuerpos y el d\u00eda viernes uno m\u00e1s, en el mismo r\u00edo \u201cTonto\u201d, uno de una mujer.<\/p>\n\n\n\n<p>De acuerdo con datos proporcionados hoy\npor las autoridades ministeriales, la femenina hallada el viernes fue\nidentificada de manera preliminar como Maribel D\u00edaz Cruz, de 23 a\u00f1os de edad.<\/p>\n\n\n\n<p>Otro ser\u00eda su hermano Gilberto D\u00edaz\nCruz, de 24 a\u00f1os; el tercero a\u00fan no ha sido identificado.<\/p>\n\n\n\n<p>Al parecer son originarios de\nCosoleacaque, Veracruz, y hab\u00edan ido a una fiesta a Tres Valles, donde\npresuntamente hubo un \u201clevant\u00f3n\u201d de al menos 10 personas, entre ellas las\ncuatro v\u00edctimas ya localizadas.<\/p>\n","protected":false},"excerpt":{"rendered":"<p>Redacci\u00f3n\/Zona Roja. Foto: Especial Oaxaca de Ju\u00e1rez, Oax., 30 de septiembre de 2019.- Como grave&hellip;<\/p>\n","protected":false},"author":2,"featured_media":4443,"comment_status":"closed","ping_status":"open","sticky":false,"template":"","format":"standard","meta":{"_lmt_disableupdate":"","_lmt_disable":"","_jetpack_memberships_contains_paid_content":false,"footnotes":""},"categories":[109,51],"tags":[794],"class_list":["post-4442","post","type-post","status-publish","format-standard","has-post-thumbnail","hentry","category-minuto-a-minuto","category-zona-roja","tag-santa-cruz-nundaco"],"jetpack_featured_media_url":"https:\/\/zonaroja.com.mx\/wp-content\/uploads\/2019\/09\/578ae3ce-73b4-4cd4-927f-d9d1f56b9a6a.jpg","jetpack_sharing_enabled":true,"_links":{"self":[{"href":"https:\/\/zonaroja.com.mx\/index.php?rest_route=\/wp\/v2\/posts\/4442","targetHints":{"allow":["GET"]}}],"collection":[{"href":"https:\/\/zonaroja.com.mx\/index.php?rest_route=\/wp\/v2\/posts"}],"about":[{"href":"https:\/\/zonaroja.com.mx\/index.php?rest_route=\/wp\/v2\/types\/post"}],"author":[{"embeddable":true,"href":"https:\/\/zonaroja.com.mx\/index.php?rest_route=\/wp\/v2\/users\/2"}],"replies":[{"embeddable":true,"href":"https:\/\/zonaroja.com.mx\/index.php?rest_route=%2Fwp%2Fv2%2Fcomments&post=4442"}],"version-history":[{"count":1,"href":"https:\/\/zonaroja.com.mx\/index.php?rest_route=\/wp\/v2\/posts\/4442\/revisions"}],"predecessor-version":[{"id":4444,"href":"https:\/\/zonaroja.com.mx\/index.php?rest_route=\/wp\/v2\/posts\/4442\/revisions\/4444"}],"wp:featuredmedia":[{"embeddable":true,"href":"https:\/\/zonaroja.com.mx\/index.php?rest_route=\/wp\/v2\/media\/4443"}],"wp:attachment":[{"href":"https:\/\/zonaroja.com.mx\/index.php?rest_route=%2Fwp%2Fv2%2Fmedia&parent=4442"}],"wp:term":[{"taxonomy":"category","embeddable":true,"href":"https:\/\/zonaroja.com.mx\/index.php?rest_route=%2Fwp%2Fv2%2Fcategories&post=4442"},{"taxonomy":"post_tag","embeddable":true,"href":"https:\/\/zonaroja.com.mx\/index.php?rest_route=%2Fwp%2Fv2%2Ftags&post=4442"}],"curies":[{"name":"wp","href":"https:\/\/api.w.org\/{rel}","templated":true}]}}