{"id":44424,"date":"2022-08-09T15:22:34","date_gmt":"2022-08-09T20:22:34","guid":{"rendered":"http:\/\/www.zonaroja.com.mx\/?p=44424"},"modified":"2022-08-09T15:22:36","modified_gmt":"2022-08-09T20:22:36","slug":"empresario-lidera-protesta-de-san-antonio-de-la-cal-vs-consejo-municipal","status":"publish","type":"post","link":"https:\/\/zonaroja.com.mx\/?p=44424","title":{"rendered":"Empresario lidera protesta de San Antonio de la Cal vs. consejo municipal"},"content":{"rendered":"\n<p>Yuridiana Sosa\/Zona Roja.<\/p>\n\n\n\n<p>Oaxaca de Ju\u00e1rez, Oax., a 9 de agosto de 2022.- Habitantes de San Antonio de la Cal protestaron contra sus autoridades en el Instituto Estatal Electoral y de Participaci\u00f3n Ciudadana de Oaxaca (IEEPCO), en la capital, liderados por Jorge Leoncio Arroyo Rodr\u00edguez, quien ofreci\u00f3 respaldo al movimiento con las organizaciones FPR y MAS.<\/p>\n\n\n\n<p>A bordo de cuatro camiones urbanos, los ciudadanos y acompa\u00f1antes arribaron a la sede del instituto en la colonia Reforma, en donde retiraron las vallas met\u00e1licas que protegen el inmueble y dejaron retenidos a los trabajadores.<\/p>\n\n\n\n<p>Los inconformes exigieron al IEEPCO condiciones para una nueva elecci\u00f3n, lo que implica que rinda un informe al Congreso del Estado de los supuestos avances o trabajos que realiza con el Consejo Municipal \u2013administrador actual- para que se lleve a cabo un proceso de elecciones extraordinarias.<\/p>\n\n\n\n<p>Se\u00f1alaron que existen intereses pol\u00edticos, por lo que el Instituto muestra desinter\u00e9s en que concluya la administraci\u00f3n del Consejo Municipal que preside Erasmo V\u00edctor Garc\u00eda Cruz.<\/p>\n\n\n\n<figure class=\"wp-block-embed is-type-rich is-provider-twitter wp-block-embed-twitter\"><div class=\"wp-block-embed__wrapper\">\n<div class=\"twitter-tweet\"><blockquote class=\"twitter-tweet\" data-lang=\"es\"><p lang=\"es\" dir=\"ltr\"><a href=\"https:\/\/twitter.com\/hashtag\/ENVIVO?src=hash&amp;ref_src=twsrc%5Etfw\">#ENVIVO<\/a><br>Oaxaca de Ju\u00e1rez, Oax.. 9 de agosto de 2022.- Apoyados por las organizaciones FPR y MAS, del empresario Jorge Leoncio Arroyo, habitantes de San Antonio de la Cal exigen ante el IEEPCO destituci\u00f3n del consejo municipal.<br>Aqu\u00ed la transmisi\u00f3n: <br>\ud83d\udc47<a href=\"https:\/\/t.co\/7bd98oOeHv\">https:\/\/t.co\/7bd98oOeHv<\/a> <a href=\"https:\/\/t.co\/7SxfSuMW06\">pic.twitter.com\/7SxfSuMW06<\/a><\/p>&mdash; Zona Roja Oaxaca (@ZonaRoja_Oaxaca) <a href=\"https:\/\/twitter.com\/ZonaRoja_Oaxaca\/status\/1557031449743597569?ref_src=twsrc%5Etfw\">9 de agosto de 2022<\/a><\/blockquote><\/div>\n<\/div><\/figure>\n\n\n\n<p>\u201cFuera los hermanos Sosa de nuestro pueblo\u201d, exigieron por medio de cartulinas que portaron, con la presencia tambi\u00e9n del integrante de la dirigencia del Frente Popular Revolucionario (FPR), Pedro Garc\u00eda.<\/p>\n\n\n\n<p>Pero, as\u00ed como acusaron la intromisi\u00f3n del activista Flavio Sosa y su hermano, el diputado local de Morena, Horacio Sosa Villavicencio, esta protesta tambi\u00e9n dio luces de otros intereses pol\u00edticos de quienes apoyan a los habitantes, como es el caso del empresario pol\u00edtico Jorge Leoncio Arroyo Rodr\u00edguez.<\/p>\n\n\n\n<p>Jorge Arroyo, ex candidato a la presidencia municipal de Salina Cruz por el Partido Unidad Popular, -al no ingresar en Morena y en el PVEM- va hacia donde hay juego pol\u00edtico.<\/p>\n\n\n\n<p>Fue nombrado vocero del Comit\u00e9 de V\u00edctimas de San Mateo del Mar, por la masacre de Huazantl\u00e1n del R\u00edo, luego de victimizarse ante acusaciones que lo se\u00f1alan como responsable de un clima de violencia en el municipio, donde, adem\u00e1s, fungi\u00f3 como asesor de la presidencia.&nbsp;<\/p>\n","protected":false},"excerpt":{"rendered":"<p>Yuridiana Sosa\/Zona Roja. Oaxaca de Ju\u00e1rez, Oax., a 9 de agosto de 2022.- Habitantes de&hellip;<\/p>\n","protected":false},"author":2,"featured_media":44425,"comment_status":"closed","ping_status":"open","sticky":false,"template":"","format":"standard","meta":{"_lmt_disableupdate":"","_lmt_disable":"","_jetpack_memberships_contains_paid_content":false,"footnotes":""},"categories":[109,47],"tags":[875],"class_list":["post-44424","post","type-post","status-publish","format-standard","has-post-thumbnail","hentry","category-minuto-a-minuto","category-zona-gris","tag-san-antonio-de-la-cal"],"jetpack_featured_media_url":"https:\/\/zonaroja.com.mx\/wp-content\/uploads\/2022\/08\/Protesta-San-Antonio-de-la-Cal-en-IEEPCO-ok.jpg","jetpack_sharing_enabled":true,"_links":{"self":[{"href":"https:\/\/zonaroja.com.mx\/index.php?rest_route=\/wp\/v2\/posts\/44424","targetHints":{"allow":["GET"]}}],"collection":[{"href":"https:\/\/zonaroja.com.mx\/index.php?rest_route=\/wp\/v2\/posts"}],"about":[{"href":"https:\/\/zonaroja.com.mx\/index.php?rest_route=\/wp\/v2\/types\/post"}],"author":[{"embeddable":true,"href":"https:\/\/zonaroja.com.mx\/index.php?rest_route=\/wp\/v2\/users\/2"}],"replies":[{"embeddable":true,"href":"https:\/\/zonaroja.com.mx\/index.php?rest_route=%2Fwp%2Fv2%2Fcomments&post=44424"}],"version-history":[{"count":1,"href":"https:\/\/zonaroja.com.mx\/index.php?rest_route=\/wp\/v2\/posts\/44424\/revisions"}],"predecessor-version":[{"id":44426,"href":"https:\/\/zonaroja.com.mx\/index.php?rest_route=\/wp\/v2\/posts\/44424\/revisions\/44426"}],"wp:featuredmedia":[{"embeddable":true,"href":"https:\/\/zonaroja.com.mx\/index.php?rest_route=\/wp\/v2\/media\/44425"}],"wp:attachment":[{"href":"https:\/\/zonaroja.com.mx\/index.php?rest_route=%2Fwp%2Fv2%2Fmedia&parent=44424"}],"wp:term":[{"taxonomy":"category","embeddable":true,"href":"https:\/\/zonaroja.com.mx\/index.php?rest_route=%2Fwp%2Fv2%2Fcategories&post=44424"},{"taxonomy":"post_tag","embeddable":true,"href":"https:\/\/zonaroja.com.mx\/index.php?rest_route=%2Fwp%2Fv2%2Ftags&post=44424"}],"curies":[{"name":"wp","href":"https:\/\/api.w.org\/{rel}","templated":true}]}}