{"id":44429,"date":"2022-08-09T18:48:42","date_gmt":"2022-08-09T23:48:42","guid":{"rendered":"http:\/\/www.zonaroja.com.mx\/?p=44429"},"modified":"2022-08-09T18:48:43","modified_gmt":"2022-08-09T23:48:43","slug":"desatadas-las-protestas-a-menos-de-cuatro-meses-de-terminar-sexenio","status":"publish","type":"post","link":"https:\/\/zonaroja.com.mx\/?p=44429","title":{"rendered":"Desatadas las protestas, a menos de cuatro meses de terminar sexenio"},"content":{"rendered":"\n<p>Yuridiana Sosa\/Zona Roja.<\/p>\n\n\n\n<p>Oaxaca de Ju\u00e1rez, Oax., a 9 de agosto de 2022.- Las protestas en Oaxaca no cesan, a menos de cuatro meses de que fenezca el sexenio actual, en el que la Secretar\u00eda General de Gobierno (Segego) se ha visto rebasada por las organizaciones y poblaciones que una vez m\u00e1s, este martes, evidencian omisiones.<\/p>\n\n\n\n<p>La falta de cumplimiento de las autoridades estatales con las comunidades son una constante, como ocurri\u00f3 con la agencia de San Jos\u00e9 Xochitl\u00e1n, del municipio de San Mart\u00edn Itunyoso, en la regi\u00f3n Mixteca, que este d\u00eda se manifest\u00f3 en la C\u00e1mara de Diputados local.<\/p>\n\n\n\n<p>Por unos minutos, autoridades auxiliares y pobladores \u201ctomaron\u201d los accesos de la sede legislativa para exigir al Congreso haga cumplir mandatos constitucionales para la entrega de los recursos del ramo 28 y 33, que por 17 a\u00f1os la autoridad municipal ha entregado ni el Gobierno del Estado garantizado.<\/p>\n\n\n\n<p>Luego de varios minutos, fueron atendidos en mesa de di\u00e1logo por representantes de la Segego en oficinas del Poder Legislativo.<\/p>\n\n\n\n<p>En tanto, este d\u00eda como ayer, la sede de Ciudad Administrativa en Tlalixtac de Cabrera volvi\u00f3 a reunir a otra protesta. Ahora fueron diversas organizaciones sociales que integran el \u201cMovimiento Campesino\u201d.<\/p>\n\n\n\n<p>Los inconformes cerraron el acceso principal del inmueble y bloquearon por un momento la carretera federal 190, Oaxaca- El Tule, frente al complejo, para exigir una reuni\u00f3n con titulares de la Fiscal\u00eda General del Estado, Defensor\u00eda de los Derechos Humanos del Pueblo de Oaxaca y autoridades municipales en donde tienen agremiados y afectados.<\/p>\n\n\n\n<p>A estas protestas, se le sum\u00f3 la de habitantes de San Antonio de la Cal, quienes junto con organizaciones sociales se manifestaron en oficinas del Instituto Estatal Electoral y de Participaci\u00f3n Ciudadana de Oaxaca (IEEPCO).<\/p>\n\n\n\n<p>La protesta fue para exigir la revocaci\u00f3n de funciones del Consejo Municipal y elecciones extraordinarios luego que en dicho municipio no se han encontrado los mecanismos de mantener la paz social ante la intromisi\u00f3n de intereses pol\u00edticos, lo que genera en cada elecci\u00f3n complicaciones.<\/p>\n\n\n\n<p>Por otra parte, en la regi\u00f3n del Istmo de Tehuantepec, habitantes de la agencia Donaj\u00ed de Mat\u00edas Romero de Avenda\u00f1o instalaron un bloqueo en la carretera Trans\u00edstmica en el tramo Donaj\u00ed-Sayula de alem\u00e1n, Veracruz, lo que imposibilita la comunicaci\u00f3n vial entre ambos estados.<\/p>\n\n\n\n<p>En esta misma regi\u00f3n del estado, la semana pasada, pobladores bloquearon por varios d\u00edas dicha vialidad en el tramo Mat\u00edas Romero-Palomares, para exigir a la Comisi\u00f3n Federal de Electricidad el pago de cuotas por el cableado de alta tensi\u00f3n que atraviesa diversos predios particulares.<\/p>\n\n\n\n<p>Mientras que en Santo Domingo Tehuantepec, un grupo de habitantes se apoder\u00f3 de las instalaciones de las empresas Elektra y Banco Azteca, en la avenida Ju\u00e1rez, porque supuestamente se quedaron con los ahorros de un cuentahbiente.<\/p>\n","protected":false},"excerpt":{"rendered":"<p>Yuridiana Sosa\/Zona Roja. Oaxaca de Ju\u00e1rez, Oax., a 9 de agosto de 2022.- Las protestas&hellip;<\/p>\n","protected":false},"author":2,"featured_media":44430,"comment_status":"closed","ping_status":"open","sticky":false,"template":"","format":"standard","meta":{"_lmt_disableupdate":"","_lmt_disable":"","_jetpack_memberships_contains_paid_content":false,"footnotes":""},"categories":[109,47],"tags":[2254],"class_list":["post-44429","post","type-post","status-publish","format-standard","has-post-thumbnail","hentry","category-minuto-a-minuto","category-zona-gris","tag-protestas-y-bloqueos-oaxaca"],"jetpack_featured_media_url":"https:\/\/zonaroja.com.mx\/wp-content\/uploads\/2022\/08\/Protesta-San-Jose-Xochitlan-en-Congreso-Oaxaca.jpg","jetpack_sharing_enabled":true,"_links":{"self":[{"href":"https:\/\/zonaroja.com.mx\/index.php?rest_route=\/wp\/v2\/posts\/44429","targetHints":{"allow":["GET"]}}],"collection":[{"href":"https:\/\/zonaroja.com.mx\/index.php?rest_route=\/wp\/v2\/posts"}],"about":[{"href":"https:\/\/zonaroja.com.mx\/index.php?rest_route=\/wp\/v2\/types\/post"}],"author":[{"embeddable":true,"href":"https:\/\/zonaroja.com.mx\/index.php?rest_route=\/wp\/v2\/users\/2"}],"replies":[{"embeddable":true,"href":"https:\/\/zonaroja.com.mx\/index.php?rest_route=%2Fwp%2Fv2%2Fcomments&post=44429"}],"version-history":[{"count":1,"href":"https:\/\/zonaroja.com.mx\/index.php?rest_route=\/wp\/v2\/posts\/44429\/revisions"}],"predecessor-version":[{"id":44431,"href":"https:\/\/zonaroja.com.mx\/index.php?rest_route=\/wp\/v2\/posts\/44429\/revisions\/44431"}],"wp:featuredmedia":[{"embeddable":true,"href":"https:\/\/zonaroja.com.mx\/index.php?rest_route=\/wp\/v2\/media\/44430"}],"wp:attachment":[{"href":"https:\/\/zonaroja.com.mx\/index.php?rest_route=%2Fwp%2Fv2%2Fmedia&parent=44429"}],"wp:term":[{"taxonomy":"category","embeddable":true,"href":"https:\/\/zonaroja.com.mx\/index.php?rest_route=%2Fwp%2Fv2%2Fcategories&post=44429"},{"taxonomy":"post_tag","embeddable":true,"href":"https:\/\/zonaroja.com.mx\/index.php?rest_route=%2Fwp%2Fv2%2Ftags&post=44429"}],"curies":[{"name":"wp","href":"https:\/\/api.w.org\/{rel}","templated":true}]}}