{"id":44432,"date":"2022-08-09T19:25:30","date_gmt":"2022-08-10T00:25:30","guid":{"rendered":"http:\/\/www.zonaroja.com.mx\/?p=44432"},"modified":"2022-08-09T19:25:31","modified_gmt":"2022-08-10T00:25:31","slug":"anuncian-primer-festival-literario-oaxaca-2022-en-la-capital","status":"publish","type":"post","link":"https:\/\/zonaroja.com.mx\/?p=44432","title":{"rendered":"Anuncian Primer Festival Literario Oaxaca 2022, en la capital"},"content":{"rendered":"\n<p>Redacci\u00f3n\/Zona Roja.&nbsp;<\/p>\n\n\n\n<p>Oaxaca de Ju\u00e1rez,&nbsp;Oax., a 9 de agosto de 2022.-&nbsp;El ayuntamiento de Oaxaca de Ju\u00e1rez, a trav\u00e9s&nbsp;de la Regidur\u00eda de Gobierno, Espect\u00e1culos y Turismo, anunci\u00f3 el Primer Festival Literario&nbsp;Oaxaca&nbsp;2022,&nbsp;\u00abDonde&nbsp;el&nbsp;Libro&nbsp;y&nbsp;la&nbsp;Palabra es&nbsp;Canto\u00bb,&nbsp;que&nbsp;se&nbsp;realizar\u00e1&nbsp;a&nbsp;partir&nbsp;de&nbsp;este&nbsp;viernes&nbsp;12&nbsp;y hasta el&nbsp;21 de agosto&nbsp;en el Paseo Ju\u00e1rez \u00abEl Llano\u00bb.<\/p>\n\n\n\n<p>En conferencia de prensa, la regidora de Espect\u00e1culos,&nbsp; Adriana&nbsp;Morales&nbsp;S\u00e1nchez,&nbsp;precis\u00f3 que&nbsp;las&nbsp;jornadas&nbsp;culturales&nbsp;tienen&nbsp;el&nbsp;objetivo&nbsp;de&nbsp;generar&nbsp;el inter\u00e9s&nbsp;por&nbsp;la lectura y los valores culturales que el libro representa.&nbsp;<\/p>\n\n\n\n<p>Para&nbsp;esta primera edici\u00f3n&nbsp;se&nbsp;tiene&nbsp;como&nbsp;invitado&nbsp;al&nbsp;estado&nbsp;de Puebla,&nbsp;por&nbsp;lo&nbsp;que&nbsp;se&nbsp;contar\u00e1&nbsp;con una serie de talleristas, escritores y cuenta cuentos, entre otras actividades, que estar\u00e1n a&nbsp;cargo de especialistas en la materia,&nbsp;dijo.&nbsp;<\/p>\n\n\n\n<p>\u00abEl&nbsp;evento&nbsp;estar\u00e1&nbsp;conformado&nbsp;con&nbsp;una&nbsp;vasta&nbsp;cartelera&nbsp;de actividades:&nbsp;presentaciones&nbsp;editoriales, conferencias, talleres infantiles y juveniles con destacadas maestras en el arte&nbsp;de contar historias, charlas con escritores. Puebla ser\u00e1 el estado invitado, tendremos la&nbsp;presencia&nbsp;de destacados escritores de aquella entidad\u00bb, se\u00f1al\u00f3.<\/p>\n\n\n\n<p>Durante la presentaci\u00f3n del Primer Festival Literario, Esteban Ascencio, coordinador del&nbsp;encuentro; Adriana Morales, regidora de&nbsp;Turismo,&nbsp;as\u00ed como Deyanira Altamirano, regidora de&nbsp;Igualdad&nbsp;y&nbsp;G\u00e9nero&nbsp;y&nbsp;de&nbsp;la&nbsp;Ciudad&nbsp;Educadora, coincidieron&nbsp;en&nbsp;la&nbsp;importancia&nbsp;de&nbsp;este&nbsp;tipo&nbsp;de&nbsp;actos&nbsp;que no s\u00f3lo invitan a la&nbsp;lectura,&nbsp;sino que&nbsp;adem\u00e1s generan conocimiento.&nbsp;<\/p>\n\n\n\n<p>En&nbsp;la&nbsp;cartelera&nbsp;que&nbsp;abarca&nbsp;del&nbsp;viernes&nbsp;12&nbsp;de&nbsp;agosto&nbsp;al&nbsp;21&nbsp;de agosto&nbsp;destacan&nbsp;eventos&nbsp;donde&nbsp;se leer\u00e1 obra po\u00e9tica, como la presentaci\u00f3n de \u201cPoemas para Ablandar a las Rocas\u201d, por Guillermo&nbsp;Vega Zaragoza. La obra&nbsp;\u00abSuperpoderes para la vida cotidiana\u00bb ser\u00e1 presenta&nbsp;por&nbsp;la autora oaxaque\u00f1a M\u00f3nica&nbsp;Garc\u00eda.<\/p>\n\n\n\n<p>\u00abCandidaturas&nbsp;independientes:&nbsp;\u00bfuna&nbsp;meta&nbsp;posible?\u201d,&nbsp;de&nbsp;Dar\u00edo Rosiles&nbsp;F. y&nbsp;Christian&nbsp;Gossler&nbsp;A.,&nbsp;que presenta la escritora Ofelia P\u00e9rez Sep\u00falveda, adem\u00e1s de la conferencia: \u00abNegritud.&nbsp;Repensar&nbsp;el&nbsp;arte&nbsp;desde&nbsp;la&nbsp;memoria.&nbsp;Una aproximaci\u00f3n&nbsp;sociol\u00f3gica&nbsp;desde&nbsp;la&nbsp;periferia\u201d,&nbsp;por&nbsp;el&nbsp;soci\u00f3logo Tristano&nbsp;Volpato.<\/p>\n\n\n\n<p>As\u00ed como \u201cLa narrativa de las comunidades y la oralidad en la literatura\u201d, por Les Dibakus y C\u00e9sar Rito Salinas, con la moderaci\u00f3n de Braulio Aguilar; tambi\u00e9n, la novela del m\u00e9dico oaxaque\u00f1o Roberto Molina, denominada \u201cEntre la carne y el alma\u201d, que estar\u00e1 a cargo de Janet Mart\u00ednez y Esteban Ascencio.<\/p>\n","protected":false},"excerpt":{"rendered":"<p>Redacci\u00f3n\/Zona Roja.&nbsp; Oaxaca de Ju\u00e1rez,&nbsp;Oax., a 9 de agosto de 2022.-&nbsp;El ayuntamiento de Oaxaca de&hellip;<\/p>\n","protected":false},"author":2,"featured_media":44433,"comment_status":"closed","ping_status":"open","sticky":false,"template":"","format":"standard","meta":{"_lmt_disableupdate":"","_lmt_disable":"","_jetpack_memberships_contains_paid_content":false,"footnotes":""},"categories":[109,46],"tags":[],"class_list":["post-44432","post","type-post","status-publish","format-standard","has-post-thumbnail","hentry","category-minuto-a-minuto","category-zona-blanca"],"jetpack_featured_media_url":"https:\/\/zonaroja.com.mx\/wp-content\/uploads\/2022\/08\/Presentacion-encuentro-literario-ciudad-de-Oaxaca.jpg","jetpack_sharing_enabled":true,"_links":{"self":[{"href":"https:\/\/zonaroja.com.mx\/index.php?rest_route=\/wp\/v2\/posts\/44432","targetHints":{"allow":["GET"]}}],"collection":[{"href":"https:\/\/zonaroja.com.mx\/index.php?rest_route=\/wp\/v2\/posts"}],"about":[{"href":"https:\/\/zonaroja.com.mx\/index.php?rest_route=\/wp\/v2\/types\/post"}],"author":[{"embeddable":true,"href":"https:\/\/zonaroja.com.mx\/index.php?rest_route=\/wp\/v2\/users\/2"}],"replies":[{"embeddable":true,"href":"https:\/\/zonaroja.com.mx\/index.php?rest_route=%2Fwp%2Fv2%2Fcomments&post=44432"}],"version-history":[{"count":1,"href":"https:\/\/zonaroja.com.mx\/index.php?rest_route=\/wp\/v2\/posts\/44432\/revisions"}],"predecessor-version":[{"id":44434,"href":"https:\/\/zonaroja.com.mx\/index.php?rest_route=\/wp\/v2\/posts\/44432\/revisions\/44434"}],"wp:featuredmedia":[{"embeddable":true,"href":"https:\/\/zonaroja.com.mx\/index.php?rest_route=\/wp\/v2\/media\/44433"}],"wp:attachment":[{"href":"https:\/\/zonaroja.com.mx\/index.php?rest_route=%2Fwp%2Fv2%2Fmedia&parent=44432"}],"wp:term":[{"taxonomy":"category","embeddable":true,"href":"https:\/\/zonaroja.com.mx\/index.php?rest_route=%2Fwp%2Fv2%2Fcategories&post=44432"},{"taxonomy":"post_tag","embeddable":true,"href":"https:\/\/zonaroja.com.mx\/index.php?rest_route=%2Fwp%2Fv2%2Ftags&post=44432"}],"curies":[{"name":"wp","href":"https:\/\/api.w.org\/{rel}","templated":true}]}}