{"id":44441,"date":"2022-08-09T21:38:42","date_gmt":"2022-08-10T02:38:42","guid":{"rendered":"http:\/\/www.zonaroja.com.mx\/?p=44441"},"modified":"2022-08-09T21:38:43","modified_gmt":"2022-08-10T02:38:43","slug":"disparan-a-individuo-lo-embolsan-y-tiran-en-pochutla-oaxaca","status":"publish","type":"post","link":"https:\/\/zonaroja.com.mx\/?p=44441","title":{"rendered":"Disparan a individuo, lo embolsan y tiran en Pochutla, Oaxaca"},"content":{"rendered":"\n<p>Redacci\u00f3n\/Zona Roja. Foto: Cortes\u00eda<\/p>\n\n\n\n<p>Oaxaca de Ju\u00e1rez, Oax., a 9 de agosto de 2022.- Sujetos desconocidos dispararon en contra de una persona del sexo masculino; lo maniataron, lo metieron en una bolsa de pl\u00e1stico, lo tiraron en la calle y le dejaron una cartulina con un mensaje.<\/p>\n\n\n\n<p>Esto sucedi\u00f3 la tarde de hoy en la calle Galeana de la Primera Secci\u00f3n de San Pedro Pochutla, municipio de la regi\u00f3n Costa del estado de Oaxaca.<\/p>\n\n\n\n<p>Corporaciones policiacas acudieron al sitio tras las denuncias de los habitantes de la zona, que denunciaron que hab\u00eda un presunto ejecutado, frente a una iglesia cat\u00f3lica.<\/p>\n\n\n\n<p>Tras ello arribaron tambi\u00e9n param\u00e9dicos que atendieron al individuo, le brindaron los primeros auxilios y lo llevaron a un hospital; su cuerpo presenta heridas producidas por arma de fuego.<\/p>\n\n\n\n<p>De manera preliminar se inform\u00f3 que el hombre responde al nombre de Iv\u00e1n O.; seg\u00fan la cartulina que le dejaron, es un presunto ladr\u00f3n y los atacantes advirtieron que ir\u00edan por m\u00e1s delincuentes de ese tipo.<\/p>\n","protected":false},"excerpt":{"rendered":"<p>Redacci\u00f3n\/Zona Roja. Foto: Cortes\u00eda Oaxaca de Ju\u00e1rez, Oax., a 9 de agosto de 2022.- Sujetos&hellip;<\/p>\n","protected":false},"author":2,"featured_media":44442,"comment_status":"closed","ping_status":"open","sticky":false,"template":"","format":"standard","meta":{"_lmt_disableupdate":"","_lmt_disable":"","_jetpack_memberships_contains_paid_content":false,"footnotes":""},"categories":[109,47],"tags":[151],"class_list":["post-44441","post","type-post","status-publish","format-standard","has-post-thumbnail","hentry","category-minuto-a-minuto","category-zona-gris","tag-san-pedro-pochutla"],"jetpack_featured_media_url":"https:\/\/zonaroja.com.mx\/wp-content\/uploads\/2022\/08\/Atacado-y-embolsado-Pochutla.jpeg","jetpack_sharing_enabled":true,"_links":{"self":[{"href":"https:\/\/zonaroja.com.mx\/index.php?rest_route=\/wp\/v2\/posts\/44441","targetHints":{"allow":["GET"]}}],"collection":[{"href":"https:\/\/zonaroja.com.mx\/index.php?rest_route=\/wp\/v2\/posts"}],"about":[{"href":"https:\/\/zonaroja.com.mx\/index.php?rest_route=\/wp\/v2\/types\/post"}],"author":[{"embeddable":true,"href":"https:\/\/zonaroja.com.mx\/index.php?rest_route=\/wp\/v2\/users\/2"}],"replies":[{"embeddable":true,"href":"https:\/\/zonaroja.com.mx\/index.php?rest_route=%2Fwp%2Fv2%2Fcomments&post=44441"}],"version-history":[{"count":1,"href":"https:\/\/zonaroja.com.mx\/index.php?rest_route=\/wp\/v2\/posts\/44441\/revisions"}],"predecessor-version":[{"id":44443,"href":"https:\/\/zonaroja.com.mx\/index.php?rest_route=\/wp\/v2\/posts\/44441\/revisions\/44443"}],"wp:featuredmedia":[{"embeddable":true,"href":"https:\/\/zonaroja.com.mx\/index.php?rest_route=\/wp\/v2\/media\/44442"}],"wp:attachment":[{"href":"https:\/\/zonaroja.com.mx\/index.php?rest_route=%2Fwp%2Fv2%2Fmedia&parent=44441"}],"wp:term":[{"taxonomy":"category","embeddable":true,"href":"https:\/\/zonaroja.com.mx\/index.php?rest_route=%2Fwp%2Fv2%2Fcategories&post=44441"},{"taxonomy":"post_tag","embeddable":true,"href":"https:\/\/zonaroja.com.mx\/index.php?rest_route=%2Fwp%2Fv2%2Ftags&post=44441"}],"curies":[{"name":"wp","href":"https:\/\/api.w.org\/{rel}","templated":true}]}}