{"id":44453,"date":"2022-08-10T07:35:58","date_gmt":"2022-08-10T12:35:58","guid":{"rendered":"http:\/\/www.zonaroja.com.mx\/?p=44453"},"modified":"2022-08-10T07:35:59","modified_gmt":"2022-08-10T12:35:59","slug":"detienen-a-un-comandante-y-un-elemento-de-la-aei-acusados-de-secuestro","status":"publish","type":"post","link":"https:\/\/zonaroja.com.mx\/?p=44453","title":{"rendered":"Detienen a un comandante y un elemento de la AEI, acusados de secuestro"},"content":{"rendered":"\n<p>Redacci\u00f3n\/Zona Roja.<\/p>\n\n\n\n<p>Oaxaca de Ju\u00e1rez, Oax., a 10 de agosto de 2022.- Un comandante y un elemento de la Agencia Estatal de Investigaciones (AEI) fueron aprehendidos por la Fiscal\u00eda General del Estado de Oaxaca, acusados del delito de secuestro.<\/p>\n\n\n\n<p>Seg\u00fan fuentes ministeriales, se trata de Ismael A. M., con placa 576 y quien se desempe\u00f1aba como responsable del Grupo de Aprehensiones, y el elemento Walter G., detenidos la tarde del lunes.<\/p>\n\n\n\n<p>Est\u00e1n acusados de participar en el secuestro de una persona del sexo masculino, registrado el 7 de octubre de 2021 y fueron trasladados al reclusorio estatal ubicado en San Francisco Tanivet, Tlacolula.<\/p>\n\n\n\n<p>Los abogados de los detenidos pidieron la ampliaci\u00f3n del t\u00e9rmino constitucional, por lo que la audiencia de imputaci\u00f3n ser\u00e1 el pr\u00f3ximo 14 de agosto.<\/p>\n\n\n\n<p>Ismael A. M., originario de la Villa de Zaachila, ha fungido como escolta del entonces procurador de Justicia, Roberto Pedro Mart\u00ednez, as\u00ed como de quien fuera secretario de Seguridad, Marco Tulio L\u00f3pez Escamilla, en el sexenio de Gabino Cu\u00e9 Monteagudo.<\/p>\n","protected":false},"excerpt":{"rendered":"<p>Redacci\u00f3n\/Zona Roja. Oaxaca de Ju\u00e1rez, Oax., a 10 de agosto de 2022.- Un comandante y&hellip;<\/p>\n","protected":false},"author":2,"featured_media":44454,"comment_status":"closed","ping_status":"open","sticky":false,"template":"","format":"standard","meta":{"_lmt_disableupdate":"","_lmt_disable":"","_jetpack_memberships_contains_paid_content":false,"footnotes":""},"categories":[109,47],"tags":[494],"class_list":["post-44453","post","type-post","status-publish","format-standard","has-post-thumbnail","hentry","category-minuto-a-minuto","category-zona-gris","tag-fiscalia-general-del-estado-de-oaxaca"],"jetpack_featured_media_url":"https:\/\/zonaroja.com.mx\/wp-content\/uploads\/2022\/08\/AEI-Agencia-Estatal-de-Investigaciones.jpg","jetpack_sharing_enabled":true,"_links":{"self":[{"href":"https:\/\/zonaroja.com.mx\/index.php?rest_route=\/wp\/v2\/posts\/44453","targetHints":{"allow":["GET"]}}],"collection":[{"href":"https:\/\/zonaroja.com.mx\/index.php?rest_route=\/wp\/v2\/posts"}],"about":[{"href":"https:\/\/zonaroja.com.mx\/index.php?rest_route=\/wp\/v2\/types\/post"}],"author":[{"embeddable":true,"href":"https:\/\/zonaroja.com.mx\/index.php?rest_route=\/wp\/v2\/users\/2"}],"replies":[{"embeddable":true,"href":"https:\/\/zonaroja.com.mx\/index.php?rest_route=%2Fwp%2Fv2%2Fcomments&post=44453"}],"version-history":[{"count":1,"href":"https:\/\/zonaroja.com.mx\/index.php?rest_route=\/wp\/v2\/posts\/44453\/revisions"}],"predecessor-version":[{"id":44455,"href":"https:\/\/zonaroja.com.mx\/index.php?rest_route=\/wp\/v2\/posts\/44453\/revisions\/44455"}],"wp:featuredmedia":[{"embeddable":true,"href":"https:\/\/zonaroja.com.mx\/index.php?rest_route=\/wp\/v2\/media\/44454"}],"wp:attachment":[{"href":"https:\/\/zonaroja.com.mx\/index.php?rest_route=%2Fwp%2Fv2%2Fmedia&parent=44453"}],"wp:term":[{"taxonomy":"category","embeddable":true,"href":"https:\/\/zonaroja.com.mx\/index.php?rest_route=%2Fwp%2Fv2%2Fcategories&post=44453"},{"taxonomy":"post_tag","embeddable":true,"href":"https:\/\/zonaroja.com.mx\/index.php?rest_route=%2Fwp%2Fv2%2Ftags&post=44453"}],"curies":[{"name":"wp","href":"https:\/\/api.w.org\/{rel}","templated":true}]}}