{"id":44465,"date":"2022-08-10T13:37:36","date_gmt":"2022-08-10T18:37:36","guid":{"rendered":"https:\/\/www.zonaroja.com.mx\/?p=44465"},"modified":"2022-08-10T15:13:21","modified_gmt":"2022-08-10T20:13:21","slug":"combate-cepiadet-racismo-en-justicia-para-oaxaca-con-materiales-en-lenguas-indigenas","status":"publish","type":"post","link":"https:\/\/zonaroja.com.mx\/?p=44465","title":{"rendered":"Combate Cepiadet racismo en justicia para Oaxaca con materiales en lenguas ind\u00edgenas"},"content":{"rendered":"\n<p>Yuridiana Sosa\/Zona Roja.<\/p>\n\n\n\n<p>Oaxaca de Ju\u00e1rez, Oax., a 10 de agosto de 2022.- En la ruta de la construcci\u00f3n de una agenda antirracista para mejorar el acceso a la justicia de las personas, pueblos y comunidades ind\u00edgenas en Campeche, Oaxaca y Yucat\u00e1n, el Centro Profesional Ind\u00edgena de Asesor\u00eda, Defensa y Traducci\u00f3n (Cepiadet) elabor\u00f3 materiales de apoyo en lenguas ind\u00edgenas con presencia en dichos estados.<\/p>\n\n\n\n<p>Para Oaxaca, se tradujeron materiales visuales y audiovisuales en zapoteco de la Sierra Sur y en Triqui de San Isidro del Estado, mientras que para Campeche y Yucat\u00e1n, en maya y tsotsil.&nbsp;<\/p>\n\n\n\n<p>La asesora del proyecto, Judith Bautista P\u00e9rez, destac\u00f3 que el material va dirigido a los operadores de justicia de los tres niveles del estado, incluyendo defensor\u00edas de derechos humanos, en la que se ofrece informaci\u00f3n del racismo y acciones a las que se enfrentan las personas que buscan ejercer su derecho a la justicia.&nbsp;<\/p>\n\n\n\n<p>El material tambi\u00e9n es un apoyo para autoridades comunitarias y organismos no gubernamentales que realizan esfuerzos para defender a las personas o comunidades ind\u00edgenas de violaciones a sus derechos.&nbsp;<\/p>\n\n\n\n<p>Durante la presentaci\u00f3n, realizada&nbsp;este mi\u00e9rcoles, el Cepiadet y sus colaboradores se\u00f1alaron el reto que representa hablar de racismo actualmente en un entorno el que se cambiaron los t\u00e9rminos de racismo, pero en las acciones prevalece, pero adem\u00e1s con desinformaci\u00f3n de qu\u00e9 de qu\u00e9 es y c\u00f3mo se ejerce el racismo y sus afectaciones devastadoras como lo son para el caso del acceso a la justicia.&nbsp;<\/p>\n\n\n\n<p>&nbsp;En el diagn\u00f3stico \u201cLos efectos del racismo en el acceso a la justicia de las personas, comunidades y pueblos ind\u00edgenas de Campeche, Oaxaca y Yucat\u00e1n\u201d, la asociaci\u00f3n civil destac\u00f3 &nbsp;\u201cla brecha de implementaci\u00f3n\u201d, es decir, la distancia que hay entre la realidad jur\u00eddica, pol\u00edtica e institucional y los compromisos internacionales asumidos por el pa\u00eds.<\/p>\n\n\n\n<p>En el caso de Oaxaca, primero resalt\u00f3 la creaci\u00f3n de la Sala de Justicia Ind\u00edgena, pero al mismo tiempo a pesar de los derechos reconocidos no se traducen en mejores condiciones de igualdad y de justicia social en las comunidades ind\u00edgenas del Estado.<\/p>\n\n\n\n<p>Existen limitaciones de instituciones de procuraci\u00f3n y administraci\u00f3n de justicia, pues no hay ninguna en defensa ind\u00edgena a diferencia&nbsp;de las seis&nbsp;agencias del ministerio p\u00fablico federal, 134 estatales, tres especializadas en materia de adolescentes, por lo que las personas y autoridades ind\u00edgenas tienen que desplazarse desde sus comunidades a las ciudades para presentar una denuncia.<\/p>\n\n\n\n<p>El Cepiadet apunt\u00f3 que por parte de la Fiscal\u00eda General del Estado de Oaxaca, hay 10 ministerios p\u00fablicos por cada 100 mil habitantes y que para presentar una denuncia hay que esperar 236 minutos, sin considerar la distancia de las comunidades en relaci\u00f3n con el lugar donde se localiza la agencia del ministerio p\u00fablico, esto en algunas ocasiones, puede implicar un d\u00eda completo.<\/p>\n\n\n\n<p>Por lo que respecta a los juzgados en la entidad existe un Centro de Justicia Penal Federal s\u00f3lo hay una sala de justicia ind\u00edgena.<\/p>\n\n\n\n<p>Pero, adem\u00e1s, otra necesidad en el acceso a la justicia es la asistencia de un o una int\u00e9rprete y, o, traductor con conocimiento de lengua y cultura que sirva como puente de comunicaci\u00f3n.&nbsp;<\/p>\n\n\n\n<p>Entre las sugerencias, la asociaci\u00f3n se\u00f1al\u00f3 que es urgente transitar hacia una nueva cultura jur\u00eddica que lleve a la desformalizaci\u00f3n del derecho, lo que implica empezar por las universidades, institutos de capacitaci\u00f3n y escuelas judiciales, incluyendo en las matr\u00edculas de los planes educativos de derecho temas como pluralismo jur\u00eddico, epist\u00e9mico y cultural, a fin de que las nuevas abogadas y abogados se formen desde procesos interculturales.<\/p>\n","protected":false},"excerpt":{"rendered":"<p>Yuridiana Sosa\/Zona Roja. Oaxaca de Ju\u00e1rez, Oax., a 10 de agosto de 2022.- En la&hellip;<\/p>\n","protected":false},"author":2,"featured_media":12191,"comment_status":"closed","ping_status":"open","sticky":false,"template":"","format":"standard","meta":{"_lmt_disableupdate":"","_lmt_disable":"","_jetpack_memberships_contains_paid_content":false,"footnotes":""},"categories":[109,46],"tags":[],"class_list":["post-44465","post","type-post","status-publish","format-standard","has-post-thumbnail","hentry","category-minuto-a-minuto","category-zona-blanca"],"jetpack_featured_media_url":"https:\/\/zonaroja.com.mx\/wp-content\/uploads\/2020\/05\/IMG_9380.png","jetpack_sharing_enabled":true,"_links":{"self":[{"href":"https:\/\/zonaroja.com.mx\/index.php?rest_route=\/wp\/v2\/posts\/44465","targetHints":{"allow":["GET"]}}],"collection":[{"href":"https:\/\/zonaroja.com.mx\/index.php?rest_route=\/wp\/v2\/posts"}],"about":[{"href":"https:\/\/zonaroja.com.mx\/index.php?rest_route=\/wp\/v2\/types\/post"}],"author":[{"embeddable":true,"href":"https:\/\/zonaroja.com.mx\/index.php?rest_route=\/wp\/v2\/users\/2"}],"replies":[{"embeddable":true,"href":"https:\/\/zonaroja.com.mx\/index.php?rest_route=%2Fwp%2Fv2%2Fcomments&post=44465"}],"version-history":[{"count":1,"href":"https:\/\/zonaroja.com.mx\/index.php?rest_route=\/wp\/v2\/posts\/44465\/revisions"}],"predecessor-version":[{"id":44466,"href":"https:\/\/zonaroja.com.mx\/index.php?rest_route=\/wp\/v2\/posts\/44465\/revisions\/44466"}],"wp:featuredmedia":[{"embeddable":true,"href":"https:\/\/zonaroja.com.mx\/index.php?rest_route=\/wp\/v2\/media\/12191"}],"wp:attachment":[{"href":"https:\/\/zonaroja.com.mx\/index.php?rest_route=%2Fwp%2Fv2%2Fmedia&parent=44465"}],"wp:term":[{"taxonomy":"category","embeddable":true,"href":"https:\/\/zonaroja.com.mx\/index.php?rest_route=%2Fwp%2Fv2%2Fcategories&post=44465"},{"taxonomy":"post_tag","embeddable":true,"href":"https:\/\/zonaroja.com.mx\/index.php?rest_route=%2Fwp%2Fv2%2Ftags&post=44465"}],"curies":[{"name":"wp","href":"https:\/\/api.w.org\/{rel}","templated":true}]}}