{"id":44474,"date":"2022-08-10T21:28:19","date_gmt":"2022-08-11T02:28:19","guid":{"rendered":"http:\/\/www.zonaroja.com.mx\/?p=44474"},"modified":"2022-08-10T21:28:21","modified_gmt":"2022-08-11T02:28:21","slug":"diputados-jalan-orejas-a-martinez-neri-y-aprueban-dos-exhortos","status":"publish","type":"post","link":"https:\/\/zonaroja.com.mx\/?p=44474","title":{"rendered":"Diputados \u201cjalan orejas\u201d a Mart\u00ednez Neri y aprueban dos exhortos"},"content":{"rendered":"\n<p>Yuridiana Sosa\/Zona Roja.<\/p>\n\n\n\n<p>Oaxaca de Ju\u00e1rez, Oax., a 10 de agosto de 2022.- La 65 Legislatura de Oaxaca aprob\u00f3 dos dict\u00e1menes con los que llaman al presidente municipal de Oaxaca de Ju\u00e1rez, Francisco Mart\u00ednez Neri, a cumplir con mandatos y poner orden en la capital del estado.<\/p>\n\n\n\n<p>Durante la sesi\u00f3n ordinaria de este mi\u00e9rcoles, el Congreso local exhort\u00f3 al edil surgido de Morena a cumplir con lo dispuesto por el Tribunal Electoral del Estado de Oaxaca (TEEO) para evitar actos de violencia de g\u00e9nero contra la regidora panista Mirna L\u00f3pez Torres.<\/p>\n\n\n\n<p>El Tribunal estatal, dentro del expediente JDC\/623\/2022, llam\u00f3 al presidente municipal de la capital y a la secretar\u00eda de este ayuntamiento para que \u201cse abstengan a realizar cualquier acto de molestia que pueda configurarse en alg\u00fan tipo de violencia en raz\u00f3n de g\u00e9nero especialmente la de \u00edndole pol\u00edtico en contra de la ciudadana Mirna L\u00f3pez Torres\u201d, regidora de Derechos Humanos y Asuntos Ind\u00edgenas.<\/p>\n\n\n\n<p>En marzo de este a\u00f1o, la afectada denunci\u00f3 de forma p\u00fablica que el edil, del partido Morena, ejerc\u00eda violencia pol\u00edtica por raz\u00f3n de g\u00e9nero en su contra, pues no la convocaba en tiempo y forma a las sesiones de Cabildo, as\u00ed como le ocultaba informaci\u00f3n de los temas por aprobar.<\/p>\n\n\n\n<p>Por otra parte, los legisladores y legisladoras aprobaron un dictamen para exhortar a Francisco Mart\u00ednez Neri a que implemente un programa de revisi\u00f3n de documentos de comercio en v\u00eda p\u00fablica, de comercios establecidos y de regularizaci\u00f3n de mercados p\u00fablicos del municipio de Oaxaca y con esto identificar y sancionar el uso de licencias permisos ap\u00f3crifos.<\/p>\n\n\n\n<p>Pues existe un aparente desorden en la capital para el uso de los espacios p\u00fablicos, como calles y plazas, por parte de vendedores ambulantes que con el respaldo de organizaciones quieren ganar lugares.\u00a0<\/p>\n\n\n\n<figure class=\"wp-block-embed is-type-rich is-provider-twitter wp-block-embed-twitter\"><div class=\"wp-block-embed__wrapper\">\n<div class=\"twitter-tweet\"><blockquote class=\"twitter-tweet\" data-lang=\"es\"><p lang=\"es\" dir=\"ltr\"><a href=\"https:\/\/twitter.com\/hashtag\/%C3%9AltimoMinuto?src=hash&amp;ref_src=twsrc%5Etfw\">#\u00daltimoMinuto<\/a> <br>Doble \u201cjal\u00f3n de orejas a <a href=\"https:\/\/twitter.com\/FMartinezNeri?ref_src=twsrc%5Etfw\">@FMartinezNeri<\/a>: el <a href=\"https:\/\/twitter.com\/CongresoOaxaca_?ref_src=twsrc%5Etfw\">@CongresoOaxaca_<\/a> aprob\u00f3 hoy dos exhortos al presidente del <a href=\"https:\/\/twitter.com\/MunicipioOaxaca?ref_src=twsrc%5Etfw\">@MunicipioOaxaca<\/a>, para que se deje hostigar a una regidora y para revisar y sancionar puestos ambulantes irregulares. <a href=\"https:\/\/t.co\/jg7fFNdlDQ\">pic.twitter.com\/jg7fFNdlDQ<\/a><\/p>&mdash; Zona Roja Oaxaca (@ZonaRoja_Oaxaca) <a href=\"https:\/\/twitter.com\/ZonaRoja_Oaxaca\/status\/1557495601369055233?ref_src=twsrc%5Etfw\">10 de agosto de 2022<\/a><\/blockquote><\/div>\n<\/div><\/figure>\n","protected":false},"excerpt":{"rendered":"<p>Yuridiana Sosa\/Zona Roja. Oaxaca de Ju\u00e1rez, Oax., a 10 de agosto de 2022.- La 65&hellip;<\/p>\n","protected":false},"author":2,"featured_media":44475,"comment_status":"closed","ping_status":"open","sticky":false,"template":"","format":"standard","meta":{"_lmt_disableupdate":"","_lmt_disable":"","_jetpack_memberships_contains_paid_content":false,"footnotes":""},"categories":[109,47],"tags":[2743],"class_list":["post-44474","post","type-post","status-publish","format-standard","has-post-thumbnail","hentry","category-minuto-a-minuto","category-zona-gris","tag-65-legislatura-del-estado-de-oaxaca"],"jetpack_featured_media_url":"https:\/\/zonaroja.com.mx\/wp-content\/uploads\/2022\/08\/Sesion-ordinaria-Congreso-Oaxaca.jpg","jetpack_sharing_enabled":true,"_links":{"self":[{"href":"https:\/\/zonaroja.com.mx\/index.php?rest_route=\/wp\/v2\/posts\/44474","targetHints":{"allow":["GET"]}}],"collection":[{"href":"https:\/\/zonaroja.com.mx\/index.php?rest_route=\/wp\/v2\/posts"}],"about":[{"href":"https:\/\/zonaroja.com.mx\/index.php?rest_route=\/wp\/v2\/types\/post"}],"author":[{"embeddable":true,"href":"https:\/\/zonaroja.com.mx\/index.php?rest_route=\/wp\/v2\/users\/2"}],"replies":[{"embeddable":true,"href":"https:\/\/zonaroja.com.mx\/index.php?rest_route=%2Fwp%2Fv2%2Fcomments&post=44474"}],"version-history":[{"count":1,"href":"https:\/\/zonaroja.com.mx\/index.php?rest_route=\/wp\/v2\/posts\/44474\/revisions"}],"predecessor-version":[{"id":44476,"href":"https:\/\/zonaroja.com.mx\/index.php?rest_route=\/wp\/v2\/posts\/44474\/revisions\/44476"}],"wp:featuredmedia":[{"embeddable":true,"href":"https:\/\/zonaroja.com.mx\/index.php?rest_route=\/wp\/v2\/media\/44475"}],"wp:attachment":[{"href":"https:\/\/zonaroja.com.mx\/index.php?rest_route=%2Fwp%2Fv2%2Fmedia&parent=44474"}],"wp:term":[{"taxonomy":"category","embeddable":true,"href":"https:\/\/zonaroja.com.mx\/index.php?rest_route=%2Fwp%2Fv2%2Fcategories&post=44474"},{"taxonomy":"post_tag","embeddable":true,"href":"https:\/\/zonaroja.com.mx\/index.php?rest_route=%2Fwp%2Fv2%2Ftags&post=44474"}],"curies":[{"name":"wp","href":"https:\/\/api.w.org\/{rel}","templated":true}]}}