{"id":44477,"date":"2022-08-10T22:06:30","date_gmt":"2022-08-11T03:06:30","guid":{"rendered":"http:\/\/www.zonaroja.com.mx\/?p=44477"},"modified":"2022-08-10T22:06:33","modified_gmt":"2022-08-11T03:06:33","slug":"sesion-legislativa-de-nuevo-entre-yerros-ocurrencias-y-distracciones","status":"publish","type":"post","link":"https:\/\/zonaroja.com.mx\/?p=44477","title":{"rendered":"Sesi\u00f3n legislativa: de nuevo entre yerros, ocurrencias y distracciones"},"content":{"rendered":"\n<p>Ismael Garc\u00eda M.\/Zona Roja.&nbsp;<\/p>\n\n\n\n<p>San Raymundo Jalpan, Oax., a 10 de agosto de 2022.- Comenz\u00f3 como termin\u00f3: con distracciones, sin propuestas serias, sin debate, con yerros y distracciones.\u00a0<\/p>\n\n\n\n<p>Mariana Ben\u00edtez, la presidenta de la Mesa Directiva, reclam\u00f3 atenci\u00f3n cuando tom\u00f3 la palabra al comienzo, pues todos estaban distra\u00eddos en amenas pl\u00e1ticas. Lo mismo hizo Samuel Gurri\u00f3n, casi al cierre de la sesi\u00f3n ordinaria: \u201cHay que poner atenci\u00f3n, y me incluyo, porque es feo subir a la tribuna y que no nos pongan atenci\u00f3n\u201d.<\/p>\n\n\n\n<p>La asamblea de la 65 Legislatura inici\u00f3 este mi\u00e9rcoles con un retraso de una hora con 45 minutos, con 26 asistentes y se caracteriz\u00f3 por nulo debate y presentaci\u00f3n pr\u00e1cticamente de ocurrencias.<\/p>\n\n\n\n<p>RELAJOS Y OCURRENCIAS<\/p>\n\n\n\n<p>Pasaban los 10 minutos de la sesi\u00f3n cuando le toc\u00f3 a la priista Ben\u00edtez Tiburcio exponer su propuesta sobre la seguridad social y prestaci\u00f3n gratuita en los servicios de salud.<\/p>\n\n\n\n<p>Pero a la mitad, tuvo que suspender la lectura y levantar la mirada, mientras que la secretaria de la Mesa Directiva ped\u00eda a los legisladores guardar silencio, pues hasta en dicha mesa charlaban amenamente M\u00edriam de los \u00c1ngeles Ruiz y Yesenia Nolasco.<\/p>\n\n\n\n<figure class=\"wp-block-embed is-type-rich is-provider-twitter wp-block-embed-twitter\"><div class=\"wp-block-embed__wrapper\">\n<div class=\"twitter-tweet\"><blockquote class=\"twitter-tweet\" data-lang=\"es\"><p lang=\"es\" dir=\"ltr\"><a href=\"https:\/\/twitter.com\/hashtag\/%C3%9AltimoMinuto?src=hash&amp;ref_src=twsrc%5Etfw\">#\u00daltimoMinuto<\/a> <br>De nuevo yerros y distracciones en Mesa Directiva y en sesi\u00f3n del <a href=\"https:\/\/twitter.com\/CongresoOaxaca_?ref_src=twsrc%5Etfw\">@CongresoOaxaca_<\/a>.<br>Nancy Ben\u00edtez se salt\u00f3 turno y ley\u00f3 propuesta distinta a la orden. <br>La diputada <a href=\"https:\/\/twitter.com\/marianabenitezt?ref_src=twsrc%5Etfw\">@marianabenitezt<\/a> modific\u00f3 la forma de tratar un Punto de Acuerdo relacionado con la <a href=\"https:\/\/twitter.com\/FISCALIA_GobOax?ref_src=twsrc%5Etfw\">@FISCALIA_GobOax<\/a>. <a href=\"https:\/\/t.co\/z7HC0adNGp\">pic.twitter.com\/z7HC0adNGp<\/a><\/p>&mdash; Zona Roja Oaxaca (@ZonaRoja_Oaxaca) <a href=\"https:\/\/twitter.com\/ZonaRoja_Oaxaca\/status\/1557442491707801602?ref_src=twsrc%5Etfw\">10 de agosto de 2022<\/a><\/blockquote><\/div>\n<\/div><\/figure>\n\n\n\n<p>La sesi\u00f3n continu\u00f3 tersa, en ocasiones aburrida y con planteamientos intrascendentes, como el de No\u00e9 Doroteo, del PT, de designar al pan de cazuela como patrimonio cultural inmaterial.<\/p>\n\n\n\n<p>O como la de la morenista Denis Guti\u00e9rrez, para instituir el D\u00eda del Bienestar Social en Oaxaca. O como la del grupo de perredistas, para celebrar cada 9 de agosto un foro de lenguas ind\u00edgenas y crear la medalla \u201c\u00c1guila bic\u00e9fala\u201d.<\/p>\n\n\n\n<p>O como la del panista Pablo D\u00edaz Jim\u00e9nez, para se garantice la conservaci\u00f3n, mantenimiento y protecci\u00f3n de los espacios verdes.<\/p>\n\n\n\n<p>Las distracciones, tambi\u00e9n presentes, pues Nancy Ben\u00edtez dio lectura a una propuesta distinta a la orden del d\u00eda; fue reconvenida, pero luego la Mesa Directiva le permiti\u00f3 continuar la lectura.<\/p>\n\n\n\n<p>\u00bfOMISI\u00d3N ADREDE?<\/p>\n\n\n\n<p>Y vino el pol\u00e9mico punto, el 23, en que se registr\u00f3 un en\u00e9simo yerro. Se trata de la propuesta de la fracci\u00f3n de Morena -eliminada de la orden la semana anterior-, para llamar a comparecer al fiscal Arturo P\u00e9imbert Calvo. Pero algo pas\u00f3.<\/p>\n\n\n\n<p>La presidenta de la Mesa, Mariana Ben\u00edtez le\u00eda el turno:&nbsp;<\/p>\n\n\n\n<p>-Se pasa al vig\u00e9simo tercer punto del orden del d\u00eda, s\u00edrvase la secretar\u00eda dar cuenta con el asunto.<\/p>\n\n\n\n<p>-Proposici\u00f3n con Punto de Acuerdo de las diputadas y diputados integrantes del grupo parlamentario del Partido Morena -ley\u00f3 M\u00edriam de los \u00c1ngeles Ruiz, del PT, sin citar el asunto que se trataba.<\/p>\n\n\n\n<p>-Pregunto a las promoventes y los promoventes si desean hacer uso de la palabra -inquiri\u00f3 Ben\u00edtez Tiburcio. Pero nadie quiso abundar en tribuna.<\/p>\n\n\n\n<p>-Informo al pleno que la presente proposici\u00f3n fue considerada para el tr\u00e1mite de urgente y obvia resoluci\u00f3n. Someto a consideraci\u00f3n del pleno si se califica\u2026<\/p>\n\n\n\n<p>No termin\u00f3 sus palabras, porque fue interrumpida por el secretario de Servicios Parlamentarios, quien le explic\u00f3 un acuerdo de \u00faltima hora, de los priistas, para imponer a los morenistas obviar esa votaci\u00f3n. Al parecer nadie la hab\u00eda informado de ello a la presidenta de la Mesa Directiva.<\/p>\n\n\n\n<figure class=\"wp-block-embed is-type-rich is-provider-twitter wp-block-embed-twitter\"><div class=\"wp-block-embed__wrapper\">\n<div class=\"twitter-tweet\"><blockquote class=\"twitter-tweet\" data-lang=\"es\"><p lang=\"es\" dir=\"ltr\">2.Pero la integrante de la Mesa Directiva, Yesenia Nolasco -tras ausentarse <a href=\"https:\/\/twitter.com\/marianabenitezt?ref_src=twsrc%5Etfw\">@marianabenitezt<\/a>-, determin\u00f3 turnarla de nuevo a la Junta de Coordinaci\u00f3n, lo que gener\u00f3, otra vez,inconformidades que la legisladora termin\u00f3 de tajo, por orden del secretario de Servicios Parlamentarios. <a href=\"https:\/\/t.co\/1fAQcSN7vB\">pic.twitter.com\/1fAQcSN7vB<\/a><\/p>&mdash; Zona Roja Oaxaca (@ZonaRoja_Oaxaca) <a href=\"https:\/\/twitter.com\/ZonaRoja_Oaxaca\/status\/1557456018036097024?ref_src=twsrc%5Etfw\">10 de agosto de 2022<\/a><\/blockquote><\/div>\n<\/div><\/figure>\n\n\n\n<p>-Bien, entonces\u2026 esta proposici\u00f3n, ac\u00fasese de recibida y se turna a la Junta de Coordinaci\u00f3n Pol\u00edtica -as\u00ed, a las 13:45 horas termin\u00f3 de tajo el tema de la Fiscal\u00eda. Nadie dijo nada.&nbsp;<\/p>\n\n\n\n<p>LAS CONTRADICCIONES<\/p>\n\n\n\n<p>Y vino otra pol\u00e9mica decisi\u00f3n de la Mesa Directiva. En el punto 34 del orden del d\u00eda, el morenista C\u00e9sar Mateos plante\u00f3 un exhorto para evitar turnar a la Junta de Coordinaci\u00f3n Pol\u00edtica asuntos para dictamen, pues el \u00f3rgano carece de facultades para ello.<\/p>\n\n\n\n<p>Y, en ausencia de Mariana Ben\u00edtez, que abandon\u00f3 la sesi\u00f3n por varios minutos, la integrante de la Mesa, Yesenia Nolasco, lo turn\u00f3\u2026 a la Junta de Coordinaci\u00f3n Pol\u00edtica.<\/p>\n\n\n\n<p>-\u00a1Sali\u00f3 lo mismo! -el grito en el pleno y en las gradas.<\/p>\n\n\n\n<p>-Pido la palabra por favor, pido la palabra -demand\u00f3 C\u00e9sar Ben\u00edtez, para reclamar la incongruencia.<\/p>\n\n\n\n<p>-Lo que acabo de exponer es precisamente\u2026<\/p>\n\n\n\n<p>-\u00bfMe permite? \u00bfVa a exponer su punto? Ya lo turnamos.<\/p>\n\n\n\n<p>-Pero c\u00f3mo lo van a turnar a la Junta si acabo de decir que no puede dictaminar la Junta..<\/p>\n\n\n\n<p>-Hace unos minutos le\u00ed y ya se turn\u00f3 su punto a la Junta de Coordinaci\u00f3n Pol\u00edtica -reiter\u00f3 Yesenia Nolasco, lo que gener\u00f3 de nuevo risas.<\/p>\n\n\n\n<p>-Eso es ilegal, eso es ilegal, para eso est\u00e1 la Comisi\u00f3n de Pr\u00e1cticas Parlamentarias, c\u00f3mo puede ser juez y parte -insisti\u00f3 Mateos.<\/p>\n\n\n\n<p>-Le recuerdo diputado C\u00e9sar Mateos que est\u00e1n prohibidas las discusiones en forma de di\u00e1logo -revir\u00f3 la responsable de la Mesa Directiva, cuando ella era quien alentaba el di\u00e1logo.<\/p>\n\n\n\n<p>-Estoy pidiendo el derecho de r\u00e9plica\u2026<\/p>\n\n\n\n<p>-Lo que tenga que decir ser\u00e1 en asuntos generales.<\/p>\n\n\n\n<p>-Okey, gracias por la democracia que existe en este Congreso -tuvo que cerrar C\u00e9sar Mateos. La presidenta de la Junta, la morenista Laura Estrada, ausente, a ratos, sin opini\u00f3n ni debate en la pol\u00e9mica decisi\u00f3n.<\/p>\n\n\n\n<p>El resumen del relajo y falta de seriedad y orden en el Congreso lo hizo Samuel Gurri\u00f3n cuando present\u00f3 su propuesta sobre intensificar campa\u00f1as contra las drogas:<\/p>\n\n\n\n<p>\u201cVerdaderamente hay que poner atenci\u00f3n, y me incluyo yo, porque es feo subir a la tribuna y que no nos pongan atenci\u00f3n. Compa\u00f1eros diputados, hay que poner atenci\u00f3n\u201d.<\/p>\n","protected":false},"excerpt":{"rendered":"<p>Ismael Garc\u00eda M.\/Zona Roja.&nbsp; San Raymundo Jalpan, Oax., a 10 de agosto de 2022.- Comenz\u00f3&hellip;<\/p>\n","protected":false},"author":2,"featured_media":44478,"comment_status":"closed","ping_status":"open","sticky":false,"template":"","format":"standard","meta":{"_lmt_disableupdate":"","_lmt_disable":"","_jetpack_memberships_contains_paid_content":false,"footnotes":""},"categories":[109,46],"tags":[2743],"class_list":["post-44477","post","type-post","status-publish","format-standard","has-post-thumbnail","hentry","category-minuto-a-minuto","category-zona-blanca","tag-65-legislatura-del-estado-de-oaxaca"],"jetpack_featured_media_url":"https:\/\/zonaroja.com.mx\/wp-content\/uploads\/2022\/08\/Sesion-ordinaria-Congreso-Oaxaca-1.jpg","jetpack_sharing_enabled":true,"_links":{"self":[{"href":"https:\/\/zonaroja.com.mx\/index.php?rest_route=\/wp\/v2\/posts\/44477","targetHints":{"allow":["GET"]}}],"collection":[{"href":"https:\/\/zonaroja.com.mx\/index.php?rest_route=\/wp\/v2\/posts"}],"about":[{"href":"https:\/\/zonaroja.com.mx\/index.php?rest_route=\/wp\/v2\/types\/post"}],"author":[{"embeddable":true,"href":"https:\/\/zonaroja.com.mx\/index.php?rest_route=\/wp\/v2\/users\/2"}],"replies":[{"embeddable":true,"href":"https:\/\/zonaroja.com.mx\/index.php?rest_route=%2Fwp%2Fv2%2Fcomments&post=44477"}],"version-history":[{"count":1,"href":"https:\/\/zonaroja.com.mx\/index.php?rest_route=\/wp\/v2\/posts\/44477\/revisions"}],"predecessor-version":[{"id":44479,"href":"https:\/\/zonaroja.com.mx\/index.php?rest_route=\/wp\/v2\/posts\/44477\/revisions\/44479"}],"wp:featuredmedia":[{"embeddable":true,"href":"https:\/\/zonaroja.com.mx\/index.php?rest_route=\/wp\/v2\/media\/44478"}],"wp:attachment":[{"href":"https:\/\/zonaroja.com.mx\/index.php?rest_route=%2Fwp%2Fv2%2Fmedia&parent=44477"}],"wp:term":[{"taxonomy":"category","embeddable":true,"href":"https:\/\/zonaroja.com.mx\/index.php?rest_route=%2Fwp%2Fv2%2Fcategories&post=44477"},{"taxonomy":"post_tag","embeddable":true,"href":"https:\/\/zonaroja.com.mx\/index.php?rest_route=%2Fwp%2Fv2%2Ftags&post=44477"}],"curies":[{"name":"wp","href":"https:\/\/api.w.org\/{rel}","templated":true}]}}