{"id":44480,"date":"2022-08-10T22:31:25","date_gmt":"2022-08-11T03:31:25","guid":{"rendered":"http:\/\/www.zonaroja.com.mx\/?p=44480"},"modified":"2022-08-10T22:31:27","modified_gmt":"2022-08-11T03:31:27","slug":"y-la-segego-no-paran-las-protestas-en-oaxaca","status":"publish","type":"post","link":"https:\/\/zonaroja.com.mx\/?p=44480","title":{"rendered":"\u00bfY la Segego? No paran las protestas en Oaxaca"},"content":{"rendered":"\n<p>Redacci\u00f3n\/Zona Roja.<\/p>\n\n\n\n<p>Oaxaca de Ju\u00e1rez, Oax., a 10 de agosto de 2022.- Las protestas no paran en Oaxaca.&nbsp;<\/p>\n\n\n\n<p>Ante la ausencia de la Secretar\u00eda General de Gobierno (Segego), una denominada organizaci\u00f3n \u201cHaciendo un solo pueblo \u2018Emiliano Zapata\u2019\u201d bloque\u00f3 durante todo el d\u00eda la carretera federal 131 Oaxaca-Puerto Escondido.<\/p>\n\n\n\n<p>Ello para exigir recursos financieros al Gobierno del Estado, supuestamente para diversas comunidades, sin dar a conocer nombres ni montos.<\/p>\n\n\n\n<p>El cierre vil se mantuvo a la altura de Santa Ana Tlapacoyan y m\u00e1s tarde, a falta de respuesta, la extendieron a El Trapiche y a la colonia Emiliano Zapata. Durante todo el d\u00eda no tuvieron respuestas.<\/p>\n\n\n\n<p>Mientras que en dos sedes de la Fiscal\u00eda General del Estado en la capital, un grupo de personas afiliadas al Comit\u00e9 de Defensa Ciudadana, provenientes de Tuxtepec, cerr\u00f3 los accesos, en la colonia Reforma y en el centro de la ciudad de Oaxaca.<\/p>\n\n\n\n<p>Las manifestantes, en su mayor\u00eda mujeres, no sab\u00edan por qu\u00e9 asunto protestaban y sus dirigentes, entre ellos Catarino Torres Pereda, no explicaron el motivo de la manifestaci\u00f3n, que por momentos se torn\u00f3 violenta en contra de los trabajadores.<\/p>\n\n\n\n<p>Por la ma\u00f1ana, el Frente Estatal de V\u00edctimas \u201cTom\u00e1s Mart\u00ednez\u201d, dio una conferencia en el z\u00f3calo de la capital, para insistir en justicia por el crimen de Tom\u00e1s Mart\u00ednez Pinacho, dirigente regional del Frente Popular Revolucionario.<\/p>\n\n\n\n<p>En Salina Cruz, diversos sindicatos de transportistas se inconformaron para reclamar pagos al ex edil \u00d3scar Toral R\u00edos, encargada del proyecto de construcci\u00f3n del rompeolas.<\/p>\n\n\n\n<p>En Santo Domingo Tehuantepec continu\u00f3 la protesta contra la tienda Elektra y Banco Azteca, por afectaciones a un particular.<\/p>\n\n\n\n<p>En todos los casos no hubo informaci\u00f3n de la Secretar\u00eda General de Gobierno respeto a la atenci\u00f3n a las inconformidades.<\/p>\n","protected":false},"excerpt":{"rendered":"<p>Redacci\u00f3n\/Zona Roja. Oaxaca de Ju\u00e1rez, Oax., a 10 de agosto de 2022.- Las protestas no&hellip;<\/p>\n","protected":false},"author":2,"featured_media":44481,"comment_status":"closed","ping_status":"open","sticky":false,"template":"","format":"standard","meta":{"_lmt_disableupdate":"","_lmt_disable":"","_jetpack_memberships_contains_paid_content":false,"footnotes":""},"categories":[109,47],"tags":[2264],"class_list":["post-44480","post","type-post","status-publish","format-standard","has-post-thumbnail","hentry","category-minuto-a-minuto","category-zona-gris","tag-bloqueos-y-protestas-oaxaca"],"jetpack_featured_media_url":"https:\/\/zonaroja.com.mx\/wp-content\/uploads\/2022\/08\/Bloqueo-carretero-Haciendo-un-solo-pueblo-Tlapacoyan.jpg","jetpack_sharing_enabled":true,"_links":{"self":[{"href":"https:\/\/zonaroja.com.mx\/index.php?rest_route=\/wp\/v2\/posts\/44480","targetHints":{"allow":["GET"]}}],"collection":[{"href":"https:\/\/zonaroja.com.mx\/index.php?rest_route=\/wp\/v2\/posts"}],"about":[{"href":"https:\/\/zonaroja.com.mx\/index.php?rest_route=\/wp\/v2\/types\/post"}],"author":[{"embeddable":true,"href":"https:\/\/zonaroja.com.mx\/index.php?rest_route=\/wp\/v2\/users\/2"}],"replies":[{"embeddable":true,"href":"https:\/\/zonaroja.com.mx\/index.php?rest_route=%2Fwp%2Fv2%2Fcomments&post=44480"}],"version-history":[{"count":1,"href":"https:\/\/zonaroja.com.mx\/index.php?rest_route=\/wp\/v2\/posts\/44480\/revisions"}],"predecessor-version":[{"id":44482,"href":"https:\/\/zonaroja.com.mx\/index.php?rest_route=\/wp\/v2\/posts\/44480\/revisions\/44482"}],"wp:featuredmedia":[{"embeddable":true,"href":"https:\/\/zonaroja.com.mx\/index.php?rest_route=\/wp\/v2\/media\/44481"}],"wp:attachment":[{"href":"https:\/\/zonaroja.com.mx\/index.php?rest_route=%2Fwp%2Fv2%2Fmedia&parent=44480"}],"wp:term":[{"taxonomy":"category","embeddable":true,"href":"https:\/\/zonaroja.com.mx\/index.php?rest_route=%2Fwp%2Fv2%2Fcategories&post=44480"},{"taxonomy":"post_tag","embeddable":true,"href":"https:\/\/zonaroja.com.mx\/index.php?rest_route=%2Fwp%2Fv2%2Ftags&post=44480"}],"curies":[{"name":"wp","href":"https:\/\/api.w.org\/{rel}","templated":true}]}}