{"id":44483,"date":"2022-08-11T06:57:55","date_gmt":"2022-08-11T11:57:55","guid":{"rendered":"http:\/\/www.zonaroja.com.mx\/?p=44483"},"modified":"2022-08-11T06:57:56","modified_gmt":"2022-08-11T11:57:56","slug":"ejercito-y-policia-de-oaxaca-responsables-de-desaparicion-de-eperristas-scjn","status":"publish","type":"post","link":"https:\/\/zonaroja.com.mx\/?p=44483","title":{"rendered":"Ej\u00e9rcito y Polic\u00eda de Oaxaca, responsables de desaparici\u00f3n de eperristas: SCJN"},"content":{"rendered":"\n<p>Redacci\u00f3n\/Zona Roja Cdmx.<\/p>\n\n\n\n<p>Ciudad de M\u00e9xico, a 11 de agosto de 2022.- El Ej\u00e9rcito Mexicano y la Polic\u00eda Estatal de Oaxaca son los responsables de la desaparici\u00f3n forzada de dos integrantes del Ej\u00e9rcito Popular Revolucionario (EPR).<\/p>\n\n\n\n<p>As\u00ed lo determin\u00f3 ayer la Suprema Corte de Justicia de la Naci\u00f3n (SCJN) respecto del caso de Edmundo Reyes Amaya y Gilberto Cruz S\u00e1nchez, detenidos en la ciudad de Oaxaca en mayo del a\u00f1o 2007.<\/p>\n\n\n\n<p>La Corte analiz\u00f3 ayer el caso y resolvi\u00f3 en definitiva el proyecto que present\u00f3 la magistrada Margarita R\u00edos Farjat.<\/p>\n\n\n\n<p>La Primera Sala de la SCJN confirm\u00f3, por tres votos contra uno, la sentencia dictada en mayo de 2019 por una jueza federal, que declar\u00f3 responsables a las autoridades mencionadas por desaparici\u00f3n forzada, privaci\u00f3n de la libertad, ocultamiento de informaci\u00f3n sobre el paradero de los detenidos, y violaciones m\u00faltiples a los derechos humanos.<\/p>\n\n\n\n<p>Por lo tanto, la Secretar\u00eda de la Defensa Nacional tendr\u00e1 que colaborar para que se esclarezca el paradero de ambas personas y publicar un extracto de la sentencia avalada ayer, como parte de las medidas de reparaci\u00f3n a las v\u00edctimas.<\/p>\n\n\n\n<p>De la misma manera, la Corte orden\u00f3 crear, a m\u00e1s tardar en 30 d\u00edas, un Grupo Interinstitucional para aclarar el paradero de ambos desaparecidos, que encabezar\u00e1 la Comisi\u00f3n Nacional de B\u00fasqueda (CNB), con participaci\u00f3n de la Secretar\u00eda de Gobernaci\u00f3n, Sedena, la Fiscal\u00eda Especializada de B\u00fasqueda de Personas Desaparecidas de la FGR y la Polic\u00eda Federal Ministerial.<\/p>\n\n\n\n<p>Tambi\u00e9n, la Sedena, por conducto de todos los integrantes del Ej\u00e9rcito Mexicano, prestar\u00e1 las facilidades necesarias a la Fiscal\u00eda, as\u00ed como a cualquier autoridad que tenga la encomienda de dar con el paradero de los quejosos, a fin de que se investigue la desaparici\u00f3n forzada, como permitir la entrada a cualquier instalaci\u00f3n militar para buscar a los quejosos, agrega&nbsp;el fallo presentado por la Ministra Margarita R\u00edos Farjat.<\/p>\n\n\n\n<p>Tambi\u00e9n se orden\u00f3 a Sedena informar qui\u00e9nes eran los mandos a cargo del operativo realizado en mayo de 2007 en Oaxaca, para que declaren ante la FGR, que desde hace 15 a\u00f1os integra una averiguaci\u00f3n por este caso.<\/p>\n\n\n\n<p>Desde el a\u00f1o 2009, la Comisi\u00f3n Nacional de Derechos Humanos ya hab\u00eda emitido una recomendaci\u00f3n al gobierno federal, y a los gobiernos estatal y municipal de Oaxaca, para presentar con vida a los desaparecidos, o en su defecto, para aclarar qu\u00e9 pas\u00f3 con ellos.<\/p>\n\n\n\n<p>(Con informaci\u00f3n de agencias)<\/p>\n","protected":false},"excerpt":{"rendered":"<p>Redacci\u00f3n\/Zona Roja Cdmx. Ciudad de M\u00e9xico, a 11 de agosto de 2022.- El Ej\u00e9rcito Mexicano&hellip;<\/p>\n","protected":false},"author":2,"featured_media":16261,"comment_status":"closed","ping_status":"open","sticky":false,"template":"","format":"standard","meta":{"_lmt_disableupdate":"","_lmt_disable":"","_jetpack_memberships_contains_paid_content":false,"footnotes":""},"categories":[109,47],"tags":[],"class_list":["post-44483","post","type-post","status-publish","format-standard","has-post-thumbnail","hentry","category-minuto-a-minuto","category-zona-gris"],"jetpack_featured_media_url":"https:\/\/zonaroja.com.mx\/wp-content\/uploads\/2020\/08\/Eperristas-desaparecidos-2.png","jetpack_sharing_enabled":true,"_links":{"self":[{"href":"https:\/\/zonaroja.com.mx\/index.php?rest_route=\/wp\/v2\/posts\/44483","targetHints":{"allow":["GET"]}}],"collection":[{"href":"https:\/\/zonaroja.com.mx\/index.php?rest_route=\/wp\/v2\/posts"}],"about":[{"href":"https:\/\/zonaroja.com.mx\/index.php?rest_route=\/wp\/v2\/types\/post"}],"author":[{"embeddable":true,"href":"https:\/\/zonaroja.com.mx\/index.php?rest_route=\/wp\/v2\/users\/2"}],"replies":[{"embeddable":true,"href":"https:\/\/zonaroja.com.mx\/index.php?rest_route=%2Fwp%2Fv2%2Fcomments&post=44483"}],"version-history":[{"count":1,"href":"https:\/\/zonaroja.com.mx\/index.php?rest_route=\/wp\/v2\/posts\/44483\/revisions"}],"predecessor-version":[{"id":44484,"href":"https:\/\/zonaroja.com.mx\/index.php?rest_route=\/wp\/v2\/posts\/44483\/revisions\/44484"}],"wp:featuredmedia":[{"embeddable":true,"href":"https:\/\/zonaroja.com.mx\/index.php?rest_route=\/wp\/v2\/media\/16261"}],"wp:attachment":[{"href":"https:\/\/zonaroja.com.mx\/index.php?rest_route=%2Fwp%2Fv2%2Fmedia&parent=44483"}],"wp:term":[{"taxonomy":"category","embeddable":true,"href":"https:\/\/zonaroja.com.mx\/index.php?rest_route=%2Fwp%2Fv2%2Fcategories&post=44483"},{"taxonomy":"post_tag","embeddable":true,"href":"https:\/\/zonaroja.com.mx\/index.php?rest_route=%2Fwp%2Fv2%2Ftags&post=44483"}],"curies":[{"name":"wp","href":"https:\/\/api.w.org\/{rel}","templated":true}]}}