{"id":44485,"date":"2022-08-11T07:03:08","date_gmt":"2022-08-11T12:03:08","guid":{"rendered":"http:\/\/www.zonaroja.com.mx\/?p=44485"},"modified":"2022-08-11T07:03:09","modified_gmt":"2022-08-11T12:03:09","slug":"analizan-avances-y-retos-de-participacion-en-sistemas-normativos-indigenas","status":"publish","type":"post","link":"https:\/\/zonaroja.com.mx\/?p=44485","title":{"rendered":"Analizan avances y retos de participaci\u00f3n en Sistemas Normativos Ind\u00edgenas"},"content":{"rendered":"\n<p>Redacci\u00f3n\/Zona Roja.<\/p>\n\n\n\n<p>Oaxaca de Ju\u00e1rez, Oax., a 11 de agosto de 2022.- El Instituto Estatal Electoral y de Participaci\u00f3n Ciudadana de Oaxaca (IEEPCO) llev\u00f3 a cabo el conversatorio \u201cAvances y retos de la participaci\u00f3n pol\u00edtica en Sistemas Normativos Ind\u00edgenas en Oaxaca\u201d, en el marco del D\u00eda Internacional de los Pueblos y Comunidades Ind\u00edgenas. &nbsp;<\/p>\n\n\n\n<p>Dicho ejercicio de di\u00e1logo estuvo encabezado por la consejera presidenta del \u00f3rgano electoral, Elizabeth S\u00e1nchez Gonz\u00e1lez; las consejeras electorales Zaira Alhel\u00ed Hip\u00f3lito L\u00f3pez y Jessica Jazibe Hern\u00e1ndez Garc\u00eda; as\u00ed como Guadalupe Peralta, Camelia Gaspar Mart\u00ednez, Mar\u00eda de Jes\u00fas Saveche Mart\u00ednez, Felicitas Cruz Bautista y Tom\u00e1s L\u00f3pez Sarabia, como ponentes. &nbsp;<\/p>\n\n\n\n<p>Durante su intervenci\u00f3n, S\u00e1nchez Gonz\u00e1lez agradeci\u00f3 la presencia de las participantes y asegur\u00f3 que resulta trascendente que el Instituto escuche, de manera permanente, las voces de mujeres y hombres ind\u00edgenas que han luchado por el reconocimiento de sus derechos, particularmente porque el \u00f3rgano electoral debe ser garante del derecho a la libre determinaci\u00f3n de los pueblos para elegir a sus autoridades bajo sus propias normas. &nbsp;<\/p>\n\n\n\n<p>As\u00ed mismo, se\u00f1al\u00f3 que el IEEPCO debe actuar de manera intercultural toda vez que&nbsp; los pueblos y comunidades ind\u00edgenas no est\u00e1n solo en sus territorios originarios, sino que se encuentran en todos los espacios, incluso m\u00e1s all\u00e1 de las fronteras; de ah\u00ed que se vuelve necesario incluir a la poblaci\u00f3n migrante para garantizar su derecho a la participaci\u00f3n pol\u00edtica. &nbsp;<\/p>\n\n\n\n<p>Mientras que la consejera electoral y presidenta de la Comisi\u00f3n de Sistemas Normativos Ind\u00edgenas, Zaira Alhel\u00ed Hip\u00f3lito L\u00f3pez, indic\u00f3 que es necesario construir una sociedad intercultural al interior de las instituciones, a fin de evitar la reproducci\u00f3n de la jerarqu\u00eda social que hist\u00f3ricamente ha invisibilizado a los pueblos ind\u00edgenas.&nbsp;<\/p>\n\n\n\n<p>De ah\u00ed que reconoci\u00f3 las acciones que el IEEPCO han impulsado para garantizar el derecho a la informaci\u00f3n y la participaci\u00f3n pol\u00edtica de la poblaci\u00f3n ind\u00edgena, tal es as\u00ed como la traducci\u00f3n de sesiones y materiales de difusi\u00f3n que refieren el reconocimiento de los derechos colectivos. &nbsp;<\/p>\n\n\n\n<p>Por su parte, la consejera y presidenta de la Comisi\u00f3n de Igualdad de G\u00e9nero y No Discriminaci\u00f3n, Jessica Jazibe Hern\u00e1ndez Garc\u00eda, destac\u00f3 las recientes acciones afirmativas implementadas por el \u00f3rgano electoral que han permitido la postulaci\u00f3n de candidaturas independientes ind\u00edgenas y afromexicanas. &nbsp;<\/p>\n\n\n\n<p>A la par que indic\u00f3 el reto sigue siendo garantizar el ejercicio pleno de sus derechos humanos en contextos libres de violencia y de obst\u00e1culos, garantizando la participaci\u00f3n pol\u00edtica con dignidad humana y bajo las mismas oportunidades para todas las personas, sin importar su origen \u00e9tnico. &nbsp;<\/p>\n\n\n\n<p>Como parte del conversatorio las personas ponentes respondieron a las inquietudes sobre los avances existentes en materia de derechos pol\u00edtico-electorales de los pueblos y comunidades ind\u00edgenas en Oaxaca, los retos y las alternativas para avanzar en la garant\u00eda de los mismos. &nbsp;<\/p>\n\n\n\n<p>Desde la sociedad civil, Guadalupe Peralta y Camelia Gaspar Mart\u00ednez coincidieron en que existen avances a nivel legislativo y en materia de acciones afirmativas implementadas por los \u00f3rganos electorales; sin embargo, se han quedado cortos en torno a los Sistemas Normativos Internos. &nbsp;<\/p>\n\n\n\n<p>Mientras que, Mar\u00eda de Jes\u00fas Saveche Mart\u00ednez y Felicitas Cruz Bautista hablaron sobre los retos que han enfrentado al ejercer un cargo p\u00fablico, ello desde su propia experiencia como actual presidenta municipal de Santa In\u00e9s Yatzeche y ex regidora de Equidad de G\u00e9nero en San Juan Mixtepec, respectivamente. &nbsp;<\/p>\n\n\n\n<p>Finalmente, y desde la academia, Tom\u00e1s L\u00f3pez Sarabia asegur\u00f3 que es necesario caminar hacia acciones encaminadas a reconocer el Sistema Electoral Ind\u00edgena, a la par que se\u00f1al\u00f3 la obligaci\u00f3n que tienen las instituciones de incorporar la interculturalidad como principio rector a fin de modificar sus procedimientos a favor de las comunidades ind\u00edgenas.&nbsp;<\/p>\n","protected":false},"excerpt":{"rendered":"<p>Redacci\u00f3n\/Zona Roja. Oaxaca de Ju\u00e1rez, Oax., a 11 de agosto de 2022.- El Instituto Estatal&hellip;<\/p>\n","protected":false},"author":2,"featured_media":44486,"comment_status":"closed","ping_status":"open","sticky":false,"template":"","format":"standard","meta":{"_lmt_disableupdate":"","_lmt_disable":"","_jetpack_memberships_contains_paid_content":false,"footnotes":""},"categories":[109,46],"tags":[2932],"class_list":["post-44485","post","type-post","status-publish","format-standard","has-post-thumbnail","hentry","category-minuto-a-minuto","category-zona-blanca","tag-instituto-estatal-electoral-y-de-participacion-ciudadana-de-oaxaca-ieepco"],"jetpack_featured_media_url":"https:\/\/zonaroja.com.mx\/wp-content\/uploads\/2022\/08\/Conversatorio-IEEPCO.jpeg","jetpack_sharing_enabled":true,"_links":{"self":[{"href":"https:\/\/zonaroja.com.mx\/index.php?rest_route=\/wp\/v2\/posts\/44485","targetHints":{"allow":["GET"]}}],"collection":[{"href":"https:\/\/zonaroja.com.mx\/index.php?rest_route=\/wp\/v2\/posts"}],"about":[{"href":"https:\/\/zonaroja.com.mx\/index.php?rest_route=\/wp\/v2\/types\/post"}],"author":[{"embeddable":true,"href":"https:\/\/zonaroja.com.mx\/index.php?rest_route=\/wp\/v2\/users\/2"}],"replies":[{"embeddable":true,"href":"https:\/\/zonaroja.com.mx\/index.php?rest_route=%2Fwp%2Fv2%2Fcomments&post=44485"}],"version-history":[{"count":1,"href":"https:\/\/zonaroja.com.mx\/index.php?rest_route=\/wp\/v2\/posts\/44485\/revisions"}],"predecessor-version":[{"id":44487,"href":"https:\/\/zonaroja.com.mx\/index.php?rest_route=\/wp\/v2\/posts\/44485\/revisions\/44487"}],"wp:featuredmedia":[{"embeddable":true,"href":"https:\/\/zonaroja.com.mx\/index.php?rest_route=\/wp\/v2\/media\/44486"}],"wp:attachment":[{"href":"https:\/\/zonaroja.com.mx\/index.php?rest_route=%2Fwp%2Fv2%2Fmedia&parent=44485"}],"wp:term":[{"taxonomy":"category","embeddable":true,"href":"https:\/\/zonaroja.com.mx\/index.php?rest_route=%2Fwp%2Fv2%2Fcategories&post=44485"},{"taxonomy":"post_tag","embeddable":true,"href":"https:\/\/zonaroja.com.mx\/index.php?rest_route=%2Fwp%2Fv2%2Ftags&post=44485"}],"curies":[{"name":"wp","href":"https:\/\/api.w.org\/{rel}","templated":true}]}}