{"id":44488,"date":"2022-08-11T07:21:31","date_gmt":"2022-08-11T12:21:31","guid":{"rendered":"http:\/\/www.zonaroja.com.mx\/?p=44488"},"modified":"2022-08-11T07:22:01","modified_gmt":"2022-08-11T12:22:01","slug":"detienen-a-el-mojarras-presunto-asesino-de-la-central-de-abasto","status":"publish","type":"post","link":"https:\/\/zonaroja.com.mx\/?p=44488","title":{"rendered":"Detienen a \u201cEl Mojarras\u201d, presunto asesino en la Central de Abasto"},"content":{"rendered":"\n<p>Redacci\u00f3n\/Zona Roja.<\/p>\n\n\n\n<p>Oaxaca de Ju\u00e1rez, Oax., a 11 de agosto de 2022.- La Fiscal\u00eda General del Estado de Oaxaca (FGEO) logr\u00f3 aprehender a la persona del sexo masculino identificado como F. D. V. P. (Felipe Delfino), alias \u201cEl Mojarras\u201d, probable part\u00edcipe en el delito de homicidio calificado con ventaja en agravio de quien en vida respondiera al nombre de S. T. T. L., cometido el 5 de marzo de 2021, en la ciudad de Oaxaca de Ju\u00e1rez.<\/p>\n\n\n\n<p>De acuerdo con la causa penal 702\/2021, el 5 de marzo de 2021, el imputado probablemente someti\u00f3 a la v\u00edctima mientras otro sujeto le infligi\u00f3 heridas con un arma blanca, cuando se encontraban en la colonia Cosijoeza, cerca de la rampa de basura de la Central de Abasto. Debido a las lesiones, la v\u00edctima perdi\u00f3 la vida.<\/p>\n\n\n\n<p>Ante este hecho, la Instituci\u00f3n de procuraci\u00f3n de justicia intervino y gracias a la labor de investigaci\u00f3n de la Fiscal\u00eda Especializada en Atenci\u00f3n a Delitos de Alto Impacto, el pasado 4 de agosto del a\u00f1o en curso se logr\u00f3 identificar y ejecutar orden de aprehensi\u00f3n contra uno de los probables responsables.<\/p>\n\n\n\n<p>En audiencia, el imputado hizo uso del t\u00e9rmino constitucional, quedando en tanto en prisi\u00f3n preventiva de manera provisional.<\/p>\n\n\n\n<p>PROVOC\u00d3 ABORTO<\/p>\n\n\n\n<p>Por otra parte, en atenci\u00f3n a delitos de g\u00e9nero en la entidad, la Fiscal\u00eda General del Estado logr\u00f3 aprehender a la persona del sexo masculino identificada como M. A. R. M., probable responsable del delito de aborto y violaci\u00f3n agravada en contra de su esposa identificada como B. C. V., cometido en noviembre de 2019, en jurisdicci\u00f3n de San Juan Bautista Tuxtepec, en la regi\u00f3n de la Cuenca.<\/p>\n\n\n\n<p>De acuerdo con la causa penal 191\/2019, el 9 de noviembre de 2019, el imputado probablemente agredi\u00f3 de manera f\u00edsica a la v\u00edctima, situaci\u00f3n que le provoc\u00f3 un aborto el 11 de noviembre; posteriormente, en la madrugada del 24 de noviembre, el sujeto probablemente la agredi\u00f3 de manera sexual, en el interior de un domicilio ubicado en la colonia Mar\u00eda Eugenia de Tuxtepec.<\/p>\n\n\n\n<p>Ante este hecho, la Instituci\u00f3n de procuraci\u00f3n de justicia intervino -a trav\u00e9s de la Vicefiscal\u00eda Regional de la Cuenca-, logrando la aprehensi\u00f3n del probable responsable el pasado 4 de agosto, siendo puesto a disposici\u00f3n de la autoridad judicial correspondiente.<\/p>\n\n\n\n<p>En audiencia, el imputado se acogi\u00f3 al t\u00e9rmino constitucional, quedando en tanto en prisi\u00f3n preventiva de manera provisional.<\/p>\n\n\n\n<p>PROBABLE FEMINICIDA<\/p>\n\n\n\n<p>Tambi\u00e9n en Tuxtepec, la Fiscal\u00eda General logr\u00f3 aprehender a la persona del sexo masculino identificada como J. G. J., probable responsable del delito de feminicidio agravado en grado de tentativa, en contra de la mujer identificada como A. L. H., cometido en el Distrito de Tuxtepec, en la regi\u00f3n de la Cuenca.&nbsp;<\/p>\n\n\n\n<p>De acuerdo con la causa penal 152\/2022, el 3 de agosto de 2022, el imputado probablemente agredi\u00f3 de manera f\u00edsica a la v\u00edctima, cuando esta caminaba sobre una carretera de terracer\u00eda que comunica a la comunidad de Cerro Clar\u00edn con el municipio de San Jos\u00e9 Independencia.<\/p>\n\n\n\n<p>Ante este hecho, la Instituci\u00f3n de procuraci\u00f3n de justicia intervino -a trav\u00e9s de la Vicefiscal\u00eda Regional de la Cuenca-, iniciando los actos de investigaci\u00f3n correspondientes que permitieron la aprehensi\u00f3n del probable agresor la ma\u00f1ana de este mi\u00e9rcoles 10 de agosto, cuando transitaba en inmediaciones del crucero de San Pedro Ixcatl\u00e1n.<\/p>\n\n\n\n<p>El imputado ya fue puesto a disposici\u00f3n de la autoridad judicial que lo requiri\u00f3, quien determinar\u00e1 su situaci\u00f3n jur\u00eddica en las pr\u00f3ximas horas.<\/p>\n\n\n\n<p>La Fiscal\u00eda General compromete toda su capacidad Institucional para esclarecer delitos de g\u00e9nero en la entidad, aplicando todo el rigor de la Ley a quienes resulten responsables.<\/p>\n","protected":false},"excerpt":{"rendered":"<p>Redacci\u00f3n\/Zona Roja. Oaxaca de Ju\u00e1rez, Oax., a 11 de agosto de 2022.- La Fiscal\u00eda General&hellip;<\/p>\n","protected":false},"author":2,"featured_media":44489,"comment_status":"closed","ping_status":"open","sticky":false,"template":"","format":"standard","meta":{"_lmt_disableupdate":"","_lmt_disable":"","_jetpack_memberships_contains_paid_content":false,"footnotes":""},"categories":[109,47],"tags":[494],"class_list":["post-44488","post","type-post","status-publish","format-standard","has-post-thumbnail","hentry","category-minuto-a-minuto","category-zona-gris","tag-fiscalia-general-del-estado-de-oaxaca"],"jetpack_featured_media_url":"https:\/\/zonaroja.com.mx\/wp-content\/uploads\/2022\/08\/Detenido-Mojarras-acusado-de-asesinato.jpg","jetpack_sharing_enabled":true,"_links":{"self":[{"href":"https:\/\/zonaroja.com.mx\/index.php?rest_route=\/wp\/v2\/posts\/44488","targetHints":{"allow":["GET"]}}],"collection":[{"href":"https:\/\/zonaroja.com.mx\/index.php?rest_route=\/wp\/v2\/posts"}],"about":[{"href":"https:\/\/zonaroja.com.mx\/index.php?rest_route=\/wp\/v2\/types\/post"}],"author":[{"embeddable":true,"href":"https:\/\/zonaroja.com.mx\/index.php?rest_route=\/wp\/v2\/users\/2"}],"replies":[{"embeddable":true,"href":"https:\/\/zonaroja.com.mx\/index.php?rest_route=%2Fwp%2Fv2%2Fcomments&post=44488"}],"version-history":[{"count":2,"href":"https:\/\/zonaroja.com.mx\/index.php?rest_route=\/wp\/v2\/posts\/44488\/revisions"}],"predecessor-version":[{"id":44491,"href":"https:\/\/zonaroja.com.mx\/index.php?rest_route=\/wp\/v2\/posts\/44488\/revisions\/44491"}],"wp:featuredmedia":[{"embeddable":true,"href":"https:\/\/zonaroja.com.mx\/index.php?rest_route=\/wp\/v2\/media\/44489"}],"wp:attachment":[{"href":"https:\/\/zonaroja.com.mx\/index.php?rest_route=%2Fwp%2Fv2%2Fmedia&parent=44488"}],"wp:term":[{"taxonomy":"category","embeddable":true,"href":"https:\/\/zonaroja.com.mx\/index.php?rest_route=%2Fwp%2Fv2%2Fcategories&post=44488"},{"taxonomy":"post_tag","embeddable":true,"href":"https:\/\/zonaroja.com.mx\/index.php?rest_route=%2Fwp%2Fv2%2Ftags&post=44488"}],"curies":[{"name":"wp","href":"https:\/\/api.w.org\/{rel}","templated":true}]}}