{"id":44501,"date":"2022-08-11T08:46:09","date_gmt":"2022-08-11T13:46:09","guid":{"rendered":"http:\/\/www.zonaroja.com.mx\/?p=44501"},"modified":"2022-08-11T08:46:11","modified_gmt":"2022-08-11T13:46:11","slug":"condena-canacintra-asesinato-de-adalberto-castillo-hay-dos-detenidos","status":"publish","type":"post","link":"https:\/\/zonaroja.com.mx\/?p=44501","title":{"rendered":"Condena Canacintra asesinato de Adalberto Castillo; hay dos detenidos"},"content":{"rendered":"\n<p>Redacci\u00f3n\/Zona Roja.<\/p>\n\n\n\n<p>Oaxaca de Ju\u00e1rez, Oax., a 11 de agosto de 2022.- La C\u00e1mara Nacional de la Industria de Transformaci\u00f3n (Canacintra) lament\u00f3 el asesinato del empresario oaxaque\u00f1o Adalberto Castillo Gonz\u00e1lez y la ola de inseguridad que priva en la Rep\u00fablica Mexicana.<\/p>\n\n\n\n<p>En tanto, fuentes de la Fiscal\u00eda General del Estado de Oaxaca revelaron que hay dos personas detenidas por este crimen, uno de ellos identificado como \u201cEl Centavo\u201d.<\/p>\n\n\n\n<p>El cuerpo del ex dirigente estatal de la Canacintra fue hallado ayer en jurisdicci\u00f3n de Ocotl\u00e1n de Morelos y su camioneta abandonada en Miahuatl\u00e1n de Porfirio D\u00edaz; habr\u00eda sido secuestrado, tras lo cual fue ultimado.<\/p>\n\n\n\n<p>En un comunicado, la C\u00e1mara Nacional de la Industria de la Transformaci\u00f3n dijo que este hecho lacera a a la comunidad y que \u201creiteradamente est\u00e1 siendo violentada en todas las regiones del pa\u00eds bajo el cobijo de la impunidad y la ausencia de resultados por parte de las autoridades responsables de garantizar la seguridad y la paz social\u201d.<\/p>\n\n\n\n<p>Demand\u00f3 que el caso no quede impune y que las las autoridades competentes investiguen con prefesionalismo, esclarezcan los hechos y castiguen a los responsables.&nbsp;<\/p>\n\n\n\n<p>\u201cLos industriales no callaremos ante la realidad que vulnera a nuestra comunidad. La construcci\u00f3n de un M\u00e9xico en paz nos corresponde a todos, desde Cacintra, hacemos un&nbsp; llamado a la acci\u00f3n a los tres \u00f3rdenes de gobierno para trabajar juntos en estrategias que nos&nbsp; permitan alcanzar la paz que nuestro pa\u00eds demanda\u201d.<\/p>\n\n\n\n<p>\u201cExpresamos nuestro respeto, solidaridad y empat\u00eda para todos aquellos que viven y sufren por la violencia, y nos unimos a la pena que embarga a la familia de nuestro amigo Adalberto\u201d, expuso el gremio empresarial.<\/p>\n","protected":false},"excerpt":{"rendered":"<p>Redacci\u00f3n\/Zona Roja. Oaxaca de Ju\u00e1rez, Oax., a 11 de agosto de 2022.- La C\u00e1mara Nacional&hellip;<\/p>\n","protected":false},"author":2,"featured_media":44502,"comment_status":"closed","ping_status":"open","sticky":false,"template":"","format":"standard","meta":{"_lmt_disableupdate":"","_lmt_disable":"","_jetpack_memberships_contains_paid_content":false,"footnotes":""},"categories":[109,47],"tags":[3224],"class_list":["post-44501","post","type-post","status-publish","format-standard","has-post-thumbnail","hentry","category-minuto-a-minuto","category-zona-gris","tag-adalberto-castillo-gonzalez"],"jetpack_featured_media_url":"https:\/\/zonaroja.com.mx\/wp-content\/uploads\/2022\/08\/Pronunciamiento-Canacintra-Adalberto-Castillo.jpg","jetpack_sharing_enabled":true,"_links":{"self":[{"href":"https:\/\/zonaroja.com.mx\/index.php?rest_route=\/wp\/v2\/posts\/44501","targetHints":{"allow":["GET"]}}],"collection":[{"href":"https:\/\/zonaroja.com.mx\/index.php?rest_route=\/wp\/v2\/posts"}],"about":[{"href":"https:\/\/zonaroja.com.mx\/index.php?rest_route=\/wp\/v2\/types\/post"}],"author":[{"embeddable":true,"href":"https:\/\/zonaroja.com.mx\/index.php?rest_route=\/wp\/v2\/users\/2"}],"replies":[{"embeddable":true,"href":"https:\/\/zonaroja.com.mx\/index.php?rest_route=%2Fwp%2Fv2%2Fcomments&post=44501"}],"version-history":[{"count":1,"href":"https:\/\/zonaroja.com.mx\/index.php?rest_route=\/wp\/v2\/posts\/44501\/revisions"}],"predecessor-version":[{"id":44503,"href":"https:\/\/zonaroja.com.mx\/index.php?rest_route=\/wp\/v2\/posts\/44501\/revisions\/44503"}],"wp:featuredmedia":[{"embeddable":true,"href":"https:\/\/zonaroja.com.mx\/index.php?rest_route=\/wp\/v2\/media\/44502"}],"wp:attachment":[{"href":"https:\/\/zonaroja.com.mx\/index.php?rest_route=%2Fwp%2Fv2%2Fmedia&parent=44501"}],"wp:term":[{"taxonomy":"category","embeddable":true,"href":"https:\/\/zonaroja.com.mx\/index.php?rest_route=%2Fwp%2Fv2%2Fcategories&post=44501"},{"taxonomy":"post_tag","embeddable":true,"href":"https:\/\/zonaroja.com.mx\/index.php?rest_route=%2Fwp%2Fv2%2Ftags&post=44501"}],"curies":[{"name":"wp","href":"https:\/\/api.w.org\/{rel}","templated":true}]}}