{"id":44505,"date":"2022-08-11T15:17:44","date_gmt":"2022-08-11T20:17:44","guid":{"rendered":"http:\/\/www.zonaroja.com.mx\/?p=44505"},"modified":"2022-08-11T15:17:45","modified_gmt":"2022-08-11T20:17:45","slug":"dictan-114-anos-de-prision-a-sujeto-que-participo-en-violacion-tumultuaria-de-menor","status":"publish","type":"post","link":"https:\/\/zonaroja.com.mx\/?p=44505","title":{"rendered":"Dictan 114 a\u00f1os de prisi\u00f3n a sujeto que particip\u00f3 en violaci\u00f3n tumultuaria de menor"},"content":{"rendered":"\n<p>Redacci\u00f3n\/Zona Roja.&nbsp;<\/p>\n\n\n\n<p>Oaxaca de Ju\u00e1rez, Oax., a 11 de agosto de 2022.- La Fiscal\u00eda General del Estado de Oaxaca (FGEO) obtuvo, del Juzgado Segundo de lo Penal, sentencia condenatoria de 114 a\u00f1os de prisi\u00f3n contra la persona del sexo masculino identificada como A. G. E.&nbsp; o A. G. C. E., alias \u201cEl Pel\u00f3n\u201d o \u201cEl Negrito\u201d, responsable del delito de secuestro y violaci\u00f3n tumultuaria en agravio de una menor de edad -de identidad reservada por ley-, cometido en agosto de 2012, en jurisdicci\u00f3n de Soledad Etla, en la regi\u00f3n de Valles Centrales.<\/p>\n\n\n\n<p>De acuerdo al expediente penal 140\/2012, el 22 de agosto de 2012, cuando la menor edad se encontraba en inmediaciones de la colonia El Manantial de la agencia de Pueblo Nuevo, fue secuestrada por sujetos desconocidos -entre ellos el sentenciado-, quienes la agredieron de manera sexual.<\/p>\n\n\n\n<p>Posteriormente, fue trasladada a un domicilio ubicado en la localidad de Matadamas, perteneciente a Soledad Etla, donde permaneci\u00f3 privada de la libertad, mientras los plagiarios exigieron una fuerte suma de dinero a cambio de su liberaci\u00f3n.&nbsp;<\/p>\n\n\n\n<p>Tras una ardua labor investigaci\u00f3n por parte de la Vicefiscal\u00eda General de Control Regional, se logr\u00f3 la aprehensi\u00f3n y posterior auto de formal prisi\u00f3n contra el secuestrador, quien es el cuarto responsable sujeto a proceso penal por este caso.<\/p>\n\n\n\n<p>En audiencia, el Juez Segundo de lo Penal del Centro dict\u00f3 sentencia condenatoria contra A. G. E.&nbsp; o A. G. C. E., alias \u201cEl Pel\u00f3n\u201d o \u201cEl Negrito\u201d, imponiendo la pena de 114 a\u00f1os y seis meses de prisi\u00f3n, adem\u00e1s que orden\u00f3 el pago de una multa por m\u00e1s de 908 mil pesos.<\/p>\n\n\n\n<p>La Fiscal\u00eda General garantiza justicia plena a v\u00edctimas de delitos que atenten contra su libertad, integridad y derechos humanos, aplicando todo el rigor de la Ley a quienes resulten responsables.&nbsp;<\/p>\n","protected":false},"excerpt":{"rendered":"<p>Redacci\u00f3n\/Zona Roja.&nbsp; Oaxaca de Ju\u00e1rez, Oax., a 11 de agosto de 2022.- La Fiscal\u00eda General&hellip;<\/p>\n","protected":false},"author":2,"featured_media":30722,"comment_status":"closed","ping_status":"open","sticky":false,"template":"","format":"standard","meta":{"_lmt_disableupdate":"","_lmt_disable":"","_jetpack_memberships_contains_paid_content":false,"footnotes":""},"categories":[109,46],"tags":[494],"class_list":["post-44505","post","type-post","status-publish","format-standard","has-post-thumbnail","hentry","category-minuto-a-minuto","category-zona-blanca","tag-fiscalia-general-del-estado-de-oaxaca"],"jetpack_featured_media_url":"https:\/\/zonaroja.com.mx\/wp-content\/uploads\/2021\/08\/Prision-carcel-2.jpg","jetpack_sharing_enabled":true,"_links":{"self":[{"href":"https:\/\/zonaroja.com.mx\/index.php?rest_route=\/wp\/v2\/posts\/44505","targetHints":{"allow":["GET"]}}],"collection":[{"href":"https:\/\/zonaroja.com.mx\/index.php?rest_route=\/wp\/v2\/posts"}],"about":[{"href":"https:\/\/zonaroja.com.mx\/index.php?rest_route=\/wp\/v2\/types\/post"}],"author":[{"embeddable":true,"href":"https:\/\/zonaroja.com.mx\/index.php?rest_route=\/wp\/v2\/users\/2"}],"replies":[{"embeddable":true,"href":"https:\/\/zonaroja.com.mx\/index.php?rest_route=%2Fwp%2Fv2%2Fcomments&post=44505"}],"version-history":[{"count":1,"href":"https:\/\/zonaroja.com.mx\/index.php?rest_route=\/wp\/v2\/posts\/44505\/revisions"}],"predecessor-version":[{"id":44506,"href":"https:\/\/zonaroja.com.mx\/index.php?rest_route=\/wp\/v2\/posts\/44505\/revisions\/44506"}],"wp:featuredmedia":[{"embeddable":true,"href":"https:\/\/zonaroja.com.mx\/index.php?rest_route=\/wp\/v2\/media\/30722"}],"wp:attachment":[{"href":"https:\/\/zonaroja.com.mx\/index.php?rest_route=%2Fwp%2Fv2%2Fmedia&parent=44505"}],"wp:term":[{"taxonomy":"category","embeddable":true,"href":"https:\/\/zonaroja.com.mx\/index.php?rest_route=%2Fwp%2Fv2%2Fcategories&post=44505"},{"taxonomy":"post_tag","embeddable":true,"href":"https:\/\/zonaroja.com.mx\/index.php?rest_route=%2Fwp%2Fv2%2Ftags&post=44505"}],"curies":[{"name":"wp","href":"https:\/\/api.w.org\/{rel}","templated":true}]}}