{"id":44510,"date":"2022-08-11T15:43:26","date_gmt":"2022-08-11T20:43:26","guid":{"rendered":"http:\/\/www.zonaroja.com.mx\/?p=44510"},"modified":"2022-08-11T15:43:27","modified_gmt":"2022-08-11T20:43:27","slug":"gibran-ramirez-politico-de-morena-denuncia-actos-de-hostigamiento","status":"publish","type":"post","link":"https:\/\/zonaroja.com.mx\/?p=44510","title":{"rendered":"Gibr\u00e1n Ram\u00edrez, pol\u00edtico de Morena, denuncia actos de hostigamiento"},"content":{"rendered":"\n<p>Redacci\u00f3n\/Zona Roja Cdmx.<\/p>\n\n\n\n<p>Ciudad de M\u00e9xico, a 11 de agosto de 2022.- El periodista y pol\u00edtico morenista Gibr\u00e1n Ram\u00edrez Reyes denunci\u00f3 un robo en la alcald\u00eda Coyoac\u00e1n de la Ciudad de M\u00e9xico. \u201cMe tocaron unos ladrones medio raros\u201d, escribi\u00f3 en su cuenta oficial de Twitter, luego de que da\u00f1aran su auto al romper el vidrio y sustrajeran bienes personales. Asegura que es acoso pol\u00edtico.<\/p>\n\n\n\n<p>\u201cOtra vez en Berl\u00edn, Coyoac\u00e1n\u201d, expres\u00f3 Ram\u00edrez Reyes al referirse el sitio en donde presuntos delincuentes rompieron el vidrio de su camioneta el pasado lunes 8 de agosto para sustraer algunas pertenencias y asegur\u00f3 que los asaltos se han vuelto comunes en la capital mexicana.<\/p>\n\n\n\n<p>\u201cMi mochila moleskine y nueva no se la llevaron, s\u00f3lo la tiraron por ah\u00ed a los pocos metros \u2013junto con \u00c1lvarez, un dinosaurio de peluche. Me tocaron unos ladrones medio raros\u201d, dijo el pol\u00edtico, quien explic\u00f3 que sus pertenencias y las de su beb\u00e9 las tiraron m\u00e1s adelante. \u201cEn fin, que todo muy raro (y a la vez com\u00fan en esta capital)\u201d, cuestion\u00f3.<\/p>\n\n\n\n<p>\u201cAl parecer \u2013en breve confirmar\u00e9\u2013 no me robaron nada de gran valor. Esto responde m\u00e1s bien al acoso pol\u00edtico de las \u00faltimas semanas\u201d, asegur\u00f3 el tambi\u00e9n fundador del Movimiento Regeneraci\u00f3n Nacional (Morena), quien en d\u00edas pasados se mostr\u00f3 decepcionado por las elecciones internas de su partido.<\/p>\n\n\n\n<p>Gibran Ram\u00edrez Reyes agradeci\u00f3 el apoyo de las autoridades capitalinas a su caso. \u201cAgradezco y reconozco a las autoridades capitalinas la atenci\u00f3n que han dado a la agresi\u00f3n y da\u00f1o a mi propiedad. Especialmente a la @SSC_CDMX a cargo de @OHarfuch\u201d, escribi\u00f3 en su red social.<\/p>\n\n\n\n<p>Gibr\u00e1n Ram\u00edrez es doctor en Ciencias Pol\u00edticas y Sociales por la UNAM y maestro en Ciencia Pol\u00edtica por El Colegio de M\u00e9xico.<\/p>\n\n\n\n<p>Actualmente se desempe\u00f1a como periodista y analista pol\u00edtico para diversos programas de TV y radio. Fue asesor parlamentario en la Asamblea Constituyente de la Ciudad de M\u00e9xico, y tambi\u00e9n en el Senado de la Rep\u00fablica.<\/p>\n","protected":false},"excerpt":{"rendered":"<p>Redacci\u00f3n\/Zona Roja Cdmx. Ciudad de M\u00e9xico, a 11 de agosto de 2022.- El periodista y&hellip;<\/p>\n","protected":false},"author":2,"featured_media":44511,"comment_status":"closed","ping_status":"open","sticky":false,"template":"","format":"standard","meta":{"_lmt_disableupdate":"","_lmt_disable":"","_jetpack_memberships_contains_paid_content":false,"footnotes":""},"categories":[109,47],"tags":[2489],"class_list":["post-44510","post","type-post","status-publish","format-standard","has-post-thumbnail","hentry","category-minuto-a-minuto","category-zona-gris","tag-gibran-ramirez-reyes"],"jetpack_featured_media_url":"https:\/\/zonaroja.com.mx\/wp-content\/uploads\/2022\/08\/Gibran-Ramirez-Reyes.jpeg","jetpack_sharing_enabled":true,"_links":{"self":[{"href":"https:\/\/zonaroja.com.mx\/index.php?rest_route=\/wp\/v2\/posts\/44510","targetHints":{"allow":["GET"]}}],"collection":[{"href":"https:\/\/zonaroja.com.mx\/index.php?rest_route=\/wp\/v2\/posts"}],"about":[{"href":"https:\/\/zonaroja.com.mx\/index.php?rest_route=\/wp\/v2\/types\/post"}],"author":[{"embeddable":true,"href":"https:\/\/zonaroja.com.mx\/index.php?rest_route=\/wp\/v2\/users\/2"}],"replies":[{"embeddable":true,"href":"https:\/\/zonaroja.com.mx\/index.php?rest_route=%2Fwp%2Fv2%2Fcomments&post=44510"}],"version-history":[{"count":1,"href":"https:\/\/zonaroja.com.mx\/index.php?rest_route=\/wp\/v2\/posts\/44510\/revisions"}],"predecessor-version":[{"id":44512,"href":"https:\/\/zonaroja.com.mx\/index.php?rest_route=\/wp\/v2\/posts\/44510\/revisions\/44512"}],"wp:featuredmedia":[{"embeddable":true,"href":"https:\/\/zonaroja.com.mx\/index.php?rest_route=\/wp\/v2\/media\/44511"}],"wp:attachment":[{"href":"https:\/\/zonaroja.com.mx\/index.php?rest_route=%2Fwp%2Fv2%2Fmedia&parent=44510"}],"wp:term":[{"taxonomy":"category","embeddable":true,"href":"https:\/\/zonaroja.com.mx\/index.php?rest_route=%2Fwp%2Fv2%2Fcategories&post=44510"},{"taxonomy":"post_tag","embeddable":true,"href":"https:\/\/zonaroja.com.mx\/index.php?rest_route=%2Fwp%2Fv2%2Ftags&post=44510"}],"curies":[{"name":"wp","href":"https:\/\/api.w.org\/{rel}","templated":true}]}}