{"id":44513,"date":"2022-08-11T18:58:52","date_gmt":"2022-08-11T23:58:52","guid":{"rendered":"http:\/\/www.zonaroja.com.mx\/?p=44513"},"modified":"2022-08-11T18:58:53","modified_gmt":"2022-08-11T23:58:53","slug":"oaxaquenos-sobrevivientes-del-trailer-en-texas-siguen-en-e-u","status":"publish","type":"post","link":"https:\/\/zonaroja.com.mx\/?p=44513","title":{"rendered":"Oaxaque\u00f1os sobrevivientes del tr\u00e1iler en Texas siguen en E.U."},"content":{"rendered":"\n<p>Yuridiana Sosa\/Zona Roja.<\/p>\n\n\n\n<p>Oaxaca de Ju\u00e1rez, Oax., 11 de agosto de 2022.- A m\u00e1s de un mes de la desgracia que desat\u00f3 el abandono de un tr\u00e1iler en San Antonio, Texas, en Estados Unidos, dos de los migrantes sobrevivientes de origen oaxaque\u00f1o a\u00fan permanecen en la Uni\u00f3n Americana en espera de su situaci\u00f3n migratoria.<\/p>\n\n\n\n<p>La directora del Instituto Oaxaque\u00f1o de Atenci\u00f3n al Migrante (IOAM), A\u00edda Ruiz Garc\u00eda, se\u00f1al\u00f3 en entrevista con ZONA ROJA, que a pesar de que fueron dados de alta de su hospitalizaci\u00f3n por varios d\u00edas y se encuentran bien de salud, su condici\u00f3n migratoria a\u00fan no se resuelve.<\/p>\n\n\n\n<p>Indic\u00f3 que los oaxaque\u00f1os (uno de la regi\u00f3n Mixteca y otro de la Cuenca) deben permanecer en &nbsp;Estados Unidos, pues existe de por medio una investigaci\u00f3n sobre el caso, que dej\u00f3 como saldo otros cuatro oaxaque\u00f1os fallecidos y m\u00e1s de 50 migrantes muertos, provenientes de otros entidades de M\u00e9xico y Centroam\u00e9rica.<\/p>\n\n\n\n<p>El IOAM tramit\u00f3 en total cuatro visas humanitarias para que familiares de los migrantes pudieran estar con los afectados directos durante su recuperaci\u00f3n.<\/p>\n\n\n\n<p>SIN PEDIR AYUDA<\/p>\n\n\n\n<p>En el caso m\u00e1s reciente que se dio a conocer en redes sociales, sobre la localizaci\u00f3n sin vida de dos migrantes originarios de San Juan Bautista Tuxtepec, en el desierto de Arizona, en Estados Unidos, el IOAM no ha intervenido ante la falta de autorizaci\u00f3n y solicitud de la familia.<\/p>\n\n\n\n<p>La directora precis\u00f3 que el Instituto se encuentra pendiente del caso, del cual el Consulado mexicano tampoco le ha informado, pues el IOAM interviene a petici\u00f3n de esta autoridad cuando no han localizado a los familiares y de acuerdo a lo dado a conocer, ya hubo comunicaci\u00f3n entre ambas partes.<\/p>\n\n\n\n<p>A\u00edda Ruiz precis\u00f3 que en caso de que la familia autorice y solicite su intervenci\u00f3n, realizar\u00e1 lo correspondiente, as\u00ed como el gobierno estatal cubrir\u00e1 el gasto de traslado de la Ciudad de M\u00e9xico a la comunidad de origen.<\/p>\n\n\n\n<p>De acuerdo con informaci\u00f3n difundida en redes, el caso dado a conocer recientemente, ocurri\u00f3 desde el mes de junio, incluso antes del caso de Texas.<\/p>\n\n\n\n<p>Los hermanos identificados como Edgar y Carlos Mendoza Rodr\u00edguez, de 37 y 23 a\u00f1os, respectivamente, fallecieron en el desierto al no aguantar la caminata para llegar a su destino final en Estados Unidos.<\/p>\n\n\n\n<p>Salieron de su tierra natal de Tuxtepec a finales de mayo y el 2 de junio, la familia recibi\u00f3 la noticia del fallecimiento de uno de los hermanos, Carlos, por parte de \u201cel coyote\u201d que los cruzaba.<\/p>\n\n\n\n<p>Del segundo hermano, quien muri\u00f3 al quedarse a velar los restos, tuvieron informaci\u00f3n recientemente por parte del Consulado en Arizona. Los hermanos fueron hallados abrazados.&nbsp;<\/p>\n","protected":false},"excerpt":{"rendered":"<p>Yuridiana Sosa\/Zona Roja. Oaxaca de Ju\u00e1rez, Oax., 11 de agosto de 2022.- A m\u00e1s de&hellip;<\/p>\n","protected":false},"author":2,"featured_media":42902,"comment_status":"closed","ping_status":"open","sticky":false,"template":"","format":"standard","meta":{"_lmt_disableupdate":"","_lmt_disable":"","_jetpack_memberships_contains_paid_content":false,"footnotes":""},"categories":[109,46],"tags":[3173],"class_list":["post-44513","post","type-post","status-publish","format-standard","has-post-thumbnail","hentry","category-minuto-a-minuto","category-zona-blanca","tag-migrantes-texas-estados-unidos"],"jetpack_featured_media_url":"https:\/\/zonaroja.com.mx\/wp-content\/uploads\/2022\/06\/Trailer-migrantes-Texas-San-Antonio.jpeg","jetpack_sharing_enabled":true,"_links":{"self":[{"href":"https:\/\/zonaroja.com.mx\/index.php?rest_route=\/wp\/v2\/posts\/44513","targetHints":{"allow":["GET"]}}],"collection":[{"href":"https:\/\/zonaroja.com.mx\/index.php?rest_route=\/wp\/v2\/posts"}],"about":[{"href":"https:\/\/zonaroja.com.mx\/index.php?rest_route=\/wp\/v2\/types\/post"}],"author":[{"embeddable":true,"href":"https:\/\/zonaroja.com.mx\/index.php?rest_route=\/wp\/v2\/users\/2"}],"replies":[{"embeddable":true,"href":"https:\/\/zonaroja.com.mx\/index.php?rest_route=%2Fwp%2Fv2%2Fcomments&post=44513"}],"version-history":[{"count":1,"href":"https:\/\/zonaroja.com.mx\/index.php?rest_route=\/wp\/v2\/posts\/44513\/revisions"}],"predecessor-version":[{"id":44514,"href":"https:\/\/zonaroja.com.mx\/index.php?rest_route=\/wp\/v2\/posts\/44513\/revisions\/44514"}],"wp:featuredmedia":[{"embeddable":true,"href":"https:\/\/zonaroja.com.mx\/index.php?rest_route=\/wp\/v2\/media\/42902"}],"wp:attachment":[{"href":"https:\/\/zonaroja.com.mx\/index.php?rest_route=%2Fwp%2Fv2%2Fmedia&parent=44513"}],"wp:term":[{"taxonomy":"category","embeddable":true,"href":"https:\/\/zonaroja.com.mx\/index.php?rest_route=%2Fwp%2Fv2%2Fcategories&post=44513"},{"taxonomy":"post_tag","embeddable":true,"href":"https:\/\/zonaroja.com.mx\/index.php?rest_route=%2Fwp%2Fv2%2Ftags&post=44513"}],"curies":[{"name":"wp","href":"https:\/\/api.w.org\/{rel}","templated":true}]}}