{"id":44515,"date":"2022-08-11T20:11:14","date_gmt":"2022-08-12T01:11:14","guid":{"rendered":"http:\/\/www.zonaroja.com.mx\/?p=44515"},"modified":"2022-08-11T20:11:16","modified_gmt":"2022-08-12T01:11:16","slug":"anuncian-jornada-internacional-para-exigir-libertad-de-activista-pablo-lopez","status":"publish","type":"post","link":"https:\/\/zonaroja.com.mx\/?p=44515","title":{"rendered":"Anuncian jornada internacional para exigir libertad de activista Pablo L\u00f3pez"},"content":{"rendered":"\n<p>Redacci\u00f3n\/Zona Roja.<\/p>\n\n\n\n<p>Oaxaca de Ju\u00e1rez, Oax., 11 de agosto de 2022.- Organismos civiles y defensores de derechos humanos anunciaron una jornada internacional para exigir la libertad del ambientalista Pablo L\u00f3pez Alavez, preso desde hace m\u00e1s de una d\u00e9cada a\u00f1os.<\/p>\n\n\n\n<p>En conferencia de prensa dieron a conocer la jornada \u201cExigimos libertad para Pablo-Seguimos sembrando esperanza\u201d, que incluye una reforestaci\u00f3n en el cerro del \u201cCrest\u00f3n\u201d de la ciudad de Oaxaca, el pr\u00f3ximo domingo.<\/p>\n\n\n\n<p>Recordaron que el pr\u00f3ximo 15 de agosto se cumplen 12 a\u00f1os de la detenci\u00f3n arbitraria de Pablo L\u00f3pez Alavez, ind\u00edgena zapoteco, defensor del bosque y el agua, quien es uno de los primeros activistas que han sido criminalizados por su labor en la defensa de la tierra y el territorio.&nbsp;<\/p>\n\n\n\n<p>Expusieron que las graves violaciones&nbsp;cometidas contra Pablo L\u00f3pez han sido reconocidas a escala internacional, mediante -por ejemplo- la opini\u00f3n 23\/2017 del Grupo de Trabajo sobre Detenci\u00f3n Arbitraria de las Naciones Unidas que desde el a\u00f1o 2017 ha exigido la liberaci\u00f3n de Pablo L\u00f3pez y la reparaci\u00f3n integral del da\u00f1o.&nbsp;<\/p>\n\n\n\n<p>Informaron adem\u00e1s que convocan a esta jornada un total de 33 organizaciones y colectivos de Oaxaca, M\u00e9xico y a nivel internacional, quienes sembrar\u00e1n \u00e1rboles en diversos pa\u00edses de Am\u00e9rica y Europa como son: Honduras, Colombia, Canad\u00e1, Irlanda, B\u00e9lgica, Alemania, Italia y Espa\u00f1a. &nbsp;<\/p>\n\n\n\n<p>Destacaron que en M\u00e9xico respalda esta acci\u00f3n la&nbsp;Alianza por la Libre Determinaci\u00f3n y la Autonom\u00eda (ALDEA) que agrupa a 142 comunidades y organizaciones de 15 estados de M\u00e9xico.&nbsp;<\/p>\n\n\n\n<p>Por otro lado informaron que el pr\u00f3ximo lunes 15 de agosto se llevar\u00e1 a cabo el Lanzamiento virtual de la canci\u00f3n \u201cPablo bosque\u201d&nbsp;de&nbsp;Tapacamino Colectivo e invitados&nbsp;cuya letra es de la autor\u00eda del compositor Fernando Guadarrama y la m\u00fasica de Sebasti\u00e1n Pascacio y Eduardo Farr\u00e9s.&nbsp;<\/p>\n\n\n\n<p>En la conferencia de prensa participaron Yolanda P\u00e9rez Cruz, esposa de Pablo L\u00f3pez; Yolanda Barranco Hern\u00e1ndez, los defensores de derechos humanos y ex presos pol\u00edticos Dami\u00e1n Gallardo Mart\u00ednez y Fredy Garc\u00eda Ram\u00edrez, as\u00ed como la representante de Consorcio Oaxaca, Yesica S\u00e1nchez Maya, y de Educa, Marcos Leyva Madrid.<\/p>\n\n\n\n<figure class=\"wp-block-embed is-type-rich is-provider-twitter wp-block-embed-twitter\"><div class=\"wp-block-embed__wrapper\">\n<div class=\"twitter-tweet\"><blockquote class=\"twitter-tweet\" data-lang=\"es\"><p lang=\"es\" dir=\"ltr\"><a href=\"https:\/\/twitter.com\/hashtag\/%C3%9AltimoMinuto?src=hash&amp;ref_src=twsrc%5Etfw\">#\u00daltimoMinuto<\/a> <br>En conferencia de prensa, Yolanda P\u00e9rez Cruz, esposa de Pablo L\u00f3pez Alavez, exige liberaci\u00f3n del ambientalista, encarcelado desde hace m\u00e1s de una d\u00e9cada. <br>Junto con <a href=\"https:\/\/twitter.com\/consorciooaxaca?ref_src=twsrc%5Etfw\">@consorciooaxaca<\/a> y activistas, anuncian una jornada internacional para que sea puesto en libertad. <a href=\"https:\/\/t.co\/LLkOZJbRL3\">pic.twitter.com\/LLkOZJbRL3<\/a><\/p>&mdash; Zona Roja Oaxaca (@ZonaRoja_Oaxaca) <a href=\"https:\/\/twitter.com\/ZonaRoja_Oaxaca\/status\/1557778140704821248?ref_src=twsrc%5Etfw\">11 de agosto de 2022<\/a><\/blockquote><\/div>\n<\/div><\/figure>\n","protected":false},"excerpt":{"rendered":"<p>Redacci\u00f3n\/Zona Roja. Oaxaca de Ju\u00e1rez, Oax., 11 de agosto de 2022.- Organismos civiles y defensores&hellip;<\/p>\n","protected":false},"author":2,"featured_media":44516,"comment_status":"closed","ping_status":"open","sticky":false,"template":"","format":"standard","meta":{"_lmt_disableupdate":"","_lmt_disable":"","_jetpack_memberships_contains_paid_content":false,"footnotes":""},"categories":[1],"tags":[],"class_list":["post-44515","post","type-post","status-publish","format-standard","has-post-thumbnail","hentry","category-sin-categoria"],"jetpack_featured_media_url":"https:\/\/zonaroja.com.mx\/wp-content\/uploads\/2022\/08\/Conferencia-Consorcio-caso-Pablo-Lopez-Alavez.jpg","jetpack_sharing_enabled":true,"_links":{"self":[{"href":"https:\/\/zonaroja.com.mx\/index.php?rest_route=\/wp\/v2\/posts\/44515","targetHints":{"allow":["GET"]}}],"collection":[{"href":"https:\/\/zonaroja.com.mx\/index.php?rest_route=\/wp\/v2\/posts"}],"about":[{"href":"https:\/\/zonaroja.com.mx\/index.php?rest_route=\/wp\/v2\/types\/post"}],"author":[{"embeddable":true,"href":"https:\/\/zonaroja.com.mx\/index.php?rest_route=\/wp\/v2\/users\/2"}],"replies":[{"embeddable":true,"href":"https:\/\/zonaroja.com.mx\/index.php?rest_route=%2Fwp%2Fv2%2Fcomments&post=44515"}],"version-history":[{"count":1,"href":"https:\/\/zonaroja.com.mx\/index.php?rest_route=\/wp\/v2\/posts\/44515\/revisions"}],"predecessor-version":[{"id":44517,"href":"https:\/\/zonaroja.com.mx\/index.php?rest_route=\/wp\/v2\/posts\/44515\/revisions\/44517"}],"wp:featuredmedia":[{"embeddable":true,"href":"https:\/\/zonaroja.com.mx\/index.php?rest_route=\/wp\/v2\/media\/44516"}],"wp:attachment":[{"href":"https:\/\/zonaroja.com.mx\/index.php?rest_route=%2Fwp%2Fv2%2Fmedia&parent=44515"}],"wp:term":[{"taxonomy":"category","embeddable":true,"href":"https:\/\/zonaroja.com.mx\/index.php?rest_route=%2Fwp%2Fv2%2Fcategories&post=44515"},{"taxonomy":"post_tag","embeddable":true,"href":"https:\/\/zonaroja.com.mx\/index.php?rest_route=%2Fwp%2Fv2%2Ftags&post=44515"}],"curies":[{"name":"wp","href":"https:\/\/api.w.org\/{rel}","templated":true}]}}