{"id":44519,"date":"2022-08-11T21:51:37","date_gmt":"2022-08-12T02:51:37","guid":{"rendered":"http:\/\/www.zonaroja.com.mx\/?p=44519"},"modified":"2022-08-11T21:51:38","modified_gmt":"2022-08-12T02:51:38","slug":"inseguridad-hasta-en-el-mercado-20-de-noviembre-de-la-ciudad-de-oaxaca","status":"publish","type":"post","link":"https:\/\/zonaroja.com.mx\/?p=44519","title":{"rendered":"Inseguridad, hasta en el mercado \u201c20 de Noviembre\u201d de la ciudad de Oaxaca"},"content":{"rendered":"\n<p>Redacci\u00f3n\/Zona Roja.<\/p>\n\n\n\n<p>Oaxaca de Ju\u00e1rez, Oax., a 11 de agosto de 2022.- La inseguridad que se vive en Oaxaca de Ju\u00e1rez invade hasta los mercados del Centro Hist\u00f3rico de la capital.<\/p>\n\n\n\n<p>Ahora toc\u00f3 al mercado \u201c20 de Noviembre\u201d, entre las calles 20 de Noviembre,&nbsp; Aldama, Miguel Cabrera y Mina, que la delincuencia irrumpiera.<\/p>\n\n\n\n<p>Ello a pesar de que en la administraci\u00f3n de Oswaldo Garc\u00eda Jarqu\u00edn, y con Melit\u00f3n Lavariega como responsable de los mercados, anunciaron la millonaria inversi\u00f3n en circuito cerrado de videovigilancia en dicho espacio.<\/p>\n\n\n\n<p>Pero a\u00f1os despu\u00e9s y tras varios atracos en el lugar, se inform\u00f3 que las c\u00e1maras no funcionan o el administrador no quiere mostrarlas por encubrir a los maleantes que est\u00e1n al interior del mercado.<\/p>\n\n\n\n<p>Y es que en d\u00edas pasados, un establecimiento a un costado de la administraci\u00f3n y en medio de dos c\u00e1maras de circuito cerrado, fue atracado y de acuerdo con informaci\u00f3n de Melit\u00f3n Lavariega, en las c\u00e1maras no se ve\u00eda nada.<\/p>\n\n\n\n<p>A casi una semana del primer atraco, el local de comida fue nuevamente atacado por los amantes de lo ajeno, se llevaron una pantalla y todav\u00eda tuvieron el descaro de realizar sus necesidades fisiol\u00f3gicas al interior dejando heces fecales.<\/p>\n\n\n\n<p>Y por segunda ocasi\u00f3n Melit\u00f3n Lavariega dijo que no ten\u00eda tiempo de atender el llamado de los comerciantes a quienes se debe y se\u00f1al\u00f3 que m\u00e1s tarde enviar\u00eda a alguien a revisar las c\u00e1maras.<\/p>\n\n\n\n<p>Pasadas varias horas, sigue sin informar qui\u00e9n o quienes son los maleantes que operan al interior del mercado con la protecci\u00f3n del administrador.<\/p>\n\n\n\n<p>Finalmente fueron c\u00e1maras de comerciantes las que pudieron captar el momento del atraco y es que en meses anteriores un puesto hab\u00eda sido vandalizado y ante la nula respuesta, decidi\u00f3 poner cerca el\u00e9ctrica y c\u00e1maras de vigilancia y que gracias a ese local hoy se puede indentificar al maleante.<\/p>\n\n\n\n<p>En tanto los afectados acudieron a la Fiscal\u00eda realizando la denuncia correspondiente en contra de qui\u00e9n o quienes resulten responsables.<\/p>\n","protected":false},"excerpt":{"rendered":"<p>Redacci\u00f3n\/Zona Roja. Oaxaca de Ju\u00e1rez, Oax., a 11 de agosto de 2022.- La inseguridad que&hellip;<\/p>\n","protected":false},"author":2,"featured_media":44520,"comment_status":"closed","ping_status":"open","sticky":false,"template":"","format":"standard","meta":{"_lmt_disableupdate":"","_lmt_disable":"","_jetpack_memberships_contains_paid_content":false,"footnotes":""},"categories":[109,47],"tags":[148],"class_list":["post-44519","post","type-post","status-publish","format-standard","has-post-thumbnail","hentry","category-minuto-a-minuto","category-zona-gris","tag-oaxaca-de-juarez"],"jetpack_featured_media_url":"https:\/\/zonaroja.com.mx\/wp-content\/uploads\/2022\/08\/ASalto-mercado-20-de-Noviembre.jpg","jetpack_sharing_enabled":true,"_links":{"self":[{"href":"https:\/\/zonaroja.com.mx\/index.php?rest_route=\/wp\/v2\/posts\/44519","targetHints":{"allow":["GET"]}}],"collection":[{"href":"https:\/\/zonaroja.com.mx\/index.php?rest_route=\/wp\/v2\/posts"}],"about":[{"href":"https:\/\/zonaroja.com.mx\/index.php?rest_route=\/wp\/v2\/types\/post"}],"author":[{"embeddable":true,"href":"https:\/\/zonaroja.com.mx\/index.php?rest_route=\/wp\/v2\/users\/2"}],"replies":[{"embeddable":true,"href":"https:\/\/zonaroja.com.mx\/index.php?rest_route=%2Fwp%2Fv2%2Fcomments&post=44519"}],"version-history":[{"count":1,"href":"https:\/\/zonaroja.com.mx\/index.php?rest_route=\/wp\/v2\/posts\/44519\/revisions"}],"predecessor-version":[{"id":44521,"href":"https:\/\/zonaroja.com.mx\/index.php?rest_route=\/wp\/v2\/posts\/44519\/revisions\/44521"}],"wp:featuredmedia":[{"embeddable":true,"href":"https:\/\/zonaroja.com.mx\/index.php?rest_route=\/wp\/v2\/media\/44520"}],"wp:attachment":[{"href":"https:\/\/zonaroja.com.mx\/index.php?rest_route=%2Fwp%2Fv2%2Fmedia&parent=44519"}],"wp:term":[{"taxonomy":"category","embeddable":true,"href":"https:\/\/zonaroja.com.mx\/index.php?rest_route=%2Fwp%2Fv2%2Fcategories&post=44519"},{"taxonomy":"post_tag","embeddable":true,"href":"https:\/\/zonaroja.com.mx\/index.php?rest_route=%2Fwp%2Fv2%2Ftags&post=44519"}],"curies":[{"name":"wp","href":"https:\/\/api.w.org\/{rel}","templated":true}]}}