{"id":44522,"date":"2022-08-11T22:14:02","date_gmt":"2022-08-12T03:14:02","guid":{"rendered":"http:\/\/www.zonaroja.com.mx\/?p=44522"},"modified":"2022-08-11T22:14:03","modified_gmt":"2022-08-12T03:14:03","slug":"registra-el-istmo-dos-crimenes-en-las-ultimas-horas","status":"publish","type":"post","link":"https:\/\/zonaroja.com.mx\/?p=44522","title":{"rendered":"Registra el Istmo dos cr\u00edmenes en las \u00faltimas horas"},"content":{"rendered":"\n<p>Redacci\u00f3n\/Zona Roja.<\/p>\n\n\n\n<p>Oaxaca de Ju\u00e1rez, Oax., a 11 de agosto de 2022.- Dos cr\u00edmenes registra el Istmo de Tehuantepec en las \u00faltimas 24 horas.<\/p>\n\n\n\n<p>En el municipio de Mat\u00edas Romero Avenda\u00f1o, esta madrugada fue ejecutado un individuo en la avenida Hombres Ilustres; asimismo, en el lugar se hall\u00f3 una camioneta con m\u00faltiples disparos de arma de fuego,<\/p>\n\n\n\n<p>La v\u00edctima fue identificada de manera preliminar como Jair B. G. F., profesor de educaci\u00f3n f\u00edsica y de aproximadamente 43 a\u00f1os de edad.<\/p>\n\n\n\n<p>Mientras que la madrugada de ayer, un joven fue asesinado a balazos en Ciudad Ixtepec y el cuerpo fue localizado en la carretera que conduce a la localidad de La Huana.<\/p>\n\n\n\n<p>Inicialmente se dijo que la persona muri\u00f3 a causa de un accidente de tr\u00e1nsito en motocicleta; sin embargo posteriormente se confirm\u00f3 que fue asesinado de m\u00faltiples impactos de arma de fuego.<\/p>\n\n\n\n<p>La v\u00edctima respondi\u00f3 en vida al nombre de \u00d3scar D., apodado \u201cEl Mota\u201d, de 23 a\u00f1os de edad y a\u00fan se desconoce qui\u00e9n o qui\u00e9nes lo ejecutaron.<\/p>\n","protected":false},"excerpt":{"rendered":"<p>Redacci\u00f3n\/Zona Roja. Oaxaca de Ju\u00e1rez, Oax., a 11 de agosto de 2022.- Dos cr\u00edmenes registra&hellip;<\/p>\n","protected":false},"author":2,"featured_media":44232,"comment_status":"closed","ping_status":"open","sticky":false,"template":"","format":"standard","meta":{"_lmt_disableupdate":"","_lmt_disable":"","_jetpack_memberships_contains_paid_content":false,"footnotes":""},"categories":[109,51],"tags":[228],"class_list":["post-44522","post","type-post","status-publish","format-standard","has-post-thumbnail","hentry","category-minuto-a-minuto","category-zona-roja","tag-matias-romero-avendano"],"jetpack_featured_media_url":"https:\/\/zonaroja.com.mx\/wp-content\/uploads\/2022\/08\/Patrulla-noche-escena-crimen-inseguridad.jpeg","jetpack_sharing_enabled":true,"_links":{"self":[{"href":"https:\/\/zonaroja.com.mx\/index.php?rest_route=\/wp\/v2\/posts\/44522","targetHints":{"allow":["GET"]}}],"collection":[{"href":"https:\/\/zonaroja.com.mx\/index.php?rest_route=\/wp\/v2\/posts"}],"about":[{"href":"https:\/\/zonaroja.com.mx\/index.php?rest_route=\/wp\/v2\/types\/post"}],"author":[{"embeddable":true,"href":"https:\/\/zonaroja.com.mx\/index.php?rest_route=\/wp\/v2\/users\/2"}],"replies":[{"embeddable":true,"href":"https:\/\/zonaroja.com.mx\/index.php?rest_route=%2Fwp%2Fv2%2Fcomments&post=44522"}],"version-history":[{"count":1,"href":"https:\/\/zonaroja.com.mx\/index.php?rest_route=\/wp\/v2\/posts\/44522\/revisions"}],"predecessor-version":[{"id":44523,"href":"https:\/\/zonaroja.com.mx\/index.php?rest_route=\/wp\/v2\/posts\/44522\/revisions\/44523"}],"wp:featuredmedia":[{"embeddable":true,"href":"https:\/\/zonaroja.com.mx\/index.php?rest_route=\/wp\/v2\/media\/44232"}],"wp:attachment":[{"href":"https:\/\/zonaroja.com.mx\/index.php?rest_route=%2Fwp%2Fv2%2Fmedia&parent=44522"}],"wp:term":[{"taxonomy":"category","embeddable":true,"href":"https:\/\/zonaroja.com.mx\/index.php?rest_route=%2Fwp%2Fv2%2Fcategories&post=44522"},{"taxonomy":"post_tag","embeddable":true,"href":"https:\/\/zonaroja.com.mx\/index.php?rest_route=%2Fwp%2Fv2%2Ftags&post=44522"}],"curies":[{"name":"wp","href":"https:\/\/api.w.org\/{rel}","templated":true}]}}