{"id":44524,"date":"2022-08-12T06:57:28","date_gmt":"2022-08-12T11:57:28","guid":{"rendered":"http:\/\/www.zonaroja.com.mx\/?p=44524"},"modified":"2022-08-12T07:07:44","modified_gmt":"2022-08-12T12:07:44","slug":"incesantes-crimenes-en-pinotepa-nacional-otro-taxista","status":"publish","type":"post","link":"https:\/\/zonaroja.com.mx\/?p=44524","title":{"rendered":"Incesantes cr\u00edmenes en Pinotepa Nacional; otro taxista"},"content":{"rendered":"\n<p>Redacci\u00f3n\/Zona Roja.<\/p>\n\n\n\n<p>Oaxaca de Ju\u00e1rez, Oax., a 12 de agosto de 2022.- Otro ataque armado contra taxistas ocurri\u00f3 casi a la media noche de ayer en Santiago Pinotepa Nacional, con saldo de una persona fallecida.<\/p>\n\n\n\n<p>Los hechos sucedieron en la calle 29 Sur esquina con 15 Poniente de la colonia 20 de Noviembre, donde fue localizado el cuerpo sin vida de un ruletero, a\u00fan no identificado.<\/p>\n\n\n\n<p>La v\u00edctima conduc\u00eda una unidad de motor del sitio \u201cPinotepa\u201d A. C., y hasta este viernes a\u00fan no hay datos del o de los agresores.<\/p>\n\n\n\n<p>Apenas el pasado 4 de agosto fueron asesinados otros dos taxistas y uno m\u00e1s result\u00f3 herido, en un ataque armado a un costado de la central camionera; el mismo d\u00eda pero en otro sitio, fue asesinada una mujer.<\/p>\n\n\n\n<p>En tanto con respecto a la agresi\u00f3n armada ocurrida la madrugada de ayer en el municipio de Mat\u00edas Romero Avenda\u00f1o, el saldo aument\u00f3 a dos v\u00edctimas mortales y los dos son profesores afiliados a la Secci\u00f3n 22 del SNTE.<\/p>\n\n\n\n<p>Mientras en el sitio, sobre la avenida Hombres Ilustres, junto a una gasolinera, muri\u00f3 Jair G. F., en el hospital perdi\u00f3 la vida Olith T. V.; ambos ten\u00edan su domicilio en ese municipio istme\u00f1o y a\u00fan no hay pista de los atacantes.<\/p>\n\n\n\n<p>Por otra parte, un individuo fue atacado a balazos esta madrugada en San Pedro Ixtlahuaca.<\/p>\n\n\n\n<p>Se trata de un joven estudiante que viajaba a bordo de su motocicleta y logr\u00f3 conducirla hasta Santa Mar\u00eda Atzompa, donde param\u00e9dicos de una ambulancia le brindaron los primeros auxilios y lo trasladaron al Hospital Civil de la ciudad de Oaxaca.<\/p>\n","protected":false},"excerpt":{"rendered":"<p>Redacci\u00f3n\/Zona Roja. Oaxaca de Ju\u00e1rez, Oax., a 12 de agosto de 2022.- Otro ataque armado&hellip;<\/p>\n","protected":false},"author":2,"featured_media":7486,"comment_status":"closed","ping_status":"open","sticky":false,"template":"","format":"standard","meta":{"_lmt_disableupdate":"","_lmt_disable":"","_jetpack_memberships_contains_paid_content":false,"footnotes":""},"categories":[109,47],"tags":[651],"class_list":["post-44524","post","type-post","status-publish","format-standard","has-post-thumbnail","hentry","category-minuto-a-minuto","category-zona-gris","tag-santiago-pinotepa-nacional"],"jetpack_featured_media_url":"https:\/\/zonaroja.com.mx\/wp-content\/uploads\/2020\/01\/Escena-del-crimen7.jpg","jetpack_sharing_enabled":true,"_links":{"self":[{"href":"https:\/\/zonaroja.com.mx\/index.php?rest_route=\/wp\/v2\/posts\/44524","targetHints":{"allow":["GET"]}}],"collection":[{"href":"https:\/\/zonaroja.com.mx\/index.php?rest_route=\/wp\/v2\/posts"}],"about":[{"href":"https:\/\/zonaroja.com.mx\/index.php?rest_route=\/wp\/v2\/types\/post"}],"author":[{"embeddable":true,"href":"https:\/\/zonaroja.com.mx\/index.php?rest_route=\/wp\/v2\/users\/2"}],"replies":[{"embeddable":true,"href":"https:\/\/zonaroja.com.mx\/index.php?rest_route=%2Fwp%2Fv2%2Fcomments&post=44524"}],"version-history":[{"count":2,"href":"https:\/\/zonaroja.com.mx\/index.php?rest_route=\/wp\/v2\/posts\/44524\/revisions"}],"predecessor-version":[{"id":44528,"href":"https:\/\/zonaroja.com.mx\/index.php?rest_route=\/wp\/v2\/posts\/44524\/revisions\/44528"}],"wp:featuredmedia":[{"embeddable":true,"href":"https:\/\/zonaroja.com.mx\/index.php?rest_route=\/wp\/v2\/media\/7486"}],"wp:attachment":[{"href":"https:\/\/zonaroja.com.mx\/index.php?rest_route=%2Fwp%2Fv2%2Fmedia&parent=44524"}],"wp:term":[{"taxonomy":"category","embeddable":true,"href":"https:\/\/zonaroja.com.mx\/index.php?rest_route=%2Fwp%2Fv2%2Fcategories&post=44524"},{"taxonomy":"post_tag","embeddable":true,"href":"https:\/\/zonaroja.com.mx\/index.php?rest_route=%2Fwp%2Fv2%2Ftags&post=44524"}],"curies":[{"name":"wp","href":"https:\/\/api.w.org\/{rel}","templated":true}]}}