{"id":44544,"date":"2022-08-12T13:11:50","date_gmt":"2022-08-12T18:11:50","guid":{"rendered":"https:\/\/www.zonaroja.com.mx\/?p=44544"},"modified":"2022-08-12T13:11:51","modified_gmt":"2022-08-12T18:11:51","slug":"registra-oaxaca-otro-probable-feminicidio-suman-675-en-casi-seis-anos","status":"publish","type":"post","link":"https:\/\/zonaroja.com.mx\/?p=44544","title":{"rendered":"Registra Oaxaca otro probable feminicidio; suman 675 en casi seis a\u00f1os"},"content":{"rendered":"\n<p>Yuridiana Sosa\/Zona Roja.<\/p>\n\n\n\n<p>Oaxaca de Ju\u00e1rez, Oax., a 12 de agosto de 2022. La violencia feminicida continua en Oaxaca y este viernes se volvi\u00f3 a registrar otro asesinato de una mujer en la regi\u00f3n del Istmo de Tehuantepec, con el que suman 675 en lo que va del sexenio estatal.<\/p>\n\n\n\n<p>El hecho se registr\u00f3 en el interior del domicilio de la v\u00edctima, en el municipio de Santa Mar\u00eda Mixtequilla, en el Istmo, contra quien accionaron un arma de fuego.<\/p>\n\n\n\n<p>La mujer, fue identificada como M\u00f3nica J. V., quien recibi\u00f3 impactos de seis balas, perdiendo la vida al instante.<\/p>\n\n\n\n<p>De acuerdo con reporte de Consorcio Oaxaca, hasta el pasado 7 de agosto se hab\u00edan registrado 93 feminicidios durante el 2022 y 674 en lo que va del sexenio actual.&nbsp;<\/p>\n\n\n\n<p>El m\u00e1s reciente crimen increment\u00f3 la cifra a 94 durante el 2022 y 675 durante casi seis a\u00f1os.<\/p>\n\n\n\n<p>Cifras de la organizaci\u00f3n GES-Mujer detallan que la regi\u00f3n del Istmo concentra m\u00e1s el mayor n\u00famero de casos durante el sexenio actual, con m\u00e1s de 150 hechos, tendencia que se repite durante este 2022, con la cifra m\u00e1s alta de m\u00e1s de 20 hechos en esa regi\u00f3n.<\/p>\n\n\n\n<p>Mientras tanto, el uso de armas de fuego se concentra como la forma m\u00e1s habitual de asesinar a una mujer en Oaxaca, con casi 70 hechos, lo que representa un promedio del 77 por ciento de los casos.<\/p>\n","protected":false},"excerpt":{"rendered":"<p>Yuridiana Sosa\/Zona Roja. Oaxaca de Ju\u00e1rez, Oax., a 12 de agosto de 2022. La violencia&hellip;<\/p>\n","protected":false},"author":2,"featured_media":34291,"comment_status":"closed","ping_status":"open","sticky":false,"template":"","format":"standard","meta":{"_lmt_disableupdate":"","_lmt_disable":"","_jetpack_memberships_contains_paid_content":false,"footnotes":""},"categories":[109,51],"tags":[],"class_list":["post-44544","post","type-post","status-publish","format-standard","has-post-thumbnail","hentry","category-minuto-a-minuto","category-zona-roja"],"jetpack_featured_media_url":"https:\/\/zonaroja.com.mx\/wp-content\/uploads\/2021\/11\/Femicidios-violencia-mujeres-asesinato.jpeg","jetpack_sharing_enabled":true,"_links":{"self":[{"href":"https:\/\/zonaroja.com.mx\/index.php?rest_route=\/wp\/v2\/posts\/44544","targetHints":{"allow":["GET"]}}],"collection":[{"href":"https:\/\/zonaroja.com.mx\/index.php?rest_route=\/wp\/v2\/posts"}],"about":[{"href":"https:\/\/zonaroja.com.mx\/index.php?rest_route=\/wp\/v2\/types\/post"}],"author":[{"embeddable":true,"href":"https:\/\/zonaroja.com.mx\/index.php?rest_route=\/wp\/v2\/users\/2"}],"replies":[{"embeddable":true,"href":"https:\/\/zonaroja.com.mx\/index.php?rest_route=%2Fwp%2Fv2%2Fcomments&post=44544"}],"version-history":[{"count":1,"href":"https:\/\/zonaroja.com.mx\/index.php?rest_route=\/wp\/v2\/posts\/44544\/revisions"}],"predecessor-version":[{"id":44545,"href":"https:\/\/zonaroja.com.mx\/index.php?rest_route=\/wp\/v2\/posts\/44544\/revisions\/44545"}],"wp:featuredmedia":[{"embeddable":true,"href":"https:\/\/zonaroja.com.mx\/index.php?rest_route=\/wp\/v2\/media\/34291"}],"wp:attachment":[{"href":"https:\/\/zonaroja.com.mx\/index.php?rest_route=%2Fwp%2Fv2%2Fmedia&parent=44544"}],"wp:term":[{"taxonomy":"category","embeddable":true,"href":"https:\/\/zonaroja.com.mx\/index.php?rest_route=%2Fwp%2Fv2%2Fcategories&post=44544"},{"taxonomy":"post_tag","embeddable":true,"href":"https:\/\/zonaroja.com.mx\/index.php?rest_route=%2Fwp%2Fv2%2Ftags&post=44544"}],"curies":[{"name":"wp","href":"https:\/\/api.w.org\/{rel}","templated":true}]}}