{"id":44546,"date":"2022-08-12T15:28:13","date_gmt":"2022-08-12T20:28:13","guid":{"rendered":"http:\/\/www.zonaroja.com.mx\/?p=44546"},"modified":"2022-08-12T15:28:14","modified_gmt":"2022-08-12T20:28:14","slug":"tribunal-determina-improcedente-violencia-de-genero-denunciada-por-mariana-nassar","status":"publish","type":"post","link":"https:\/\/zonaroja.com.mx\/?p=44546","title":{"rendered":"Tribunal determina improcedente violencia de g\u00e9nero denunciada por Mariana Nassar"},"content":{"rendered":"\n<p>Redacci\u00f3n\/Zona Roja.<\/p>\n\n\n\n<p>Oaxaca de Ju\u00e1rez, Oax., a 12 de agosto de 2022.- Por unanimidad, el pleno del Tribunal Electoral del Estado de Oaxaca (TEEO) declar\u00f3 inoperante la denuncia por violencia pol\u00edtica de g\u00e9nero presentada por Mariana Erandi Nassar Pi\u00f1eyro, secretaria de Administraci\u00f3n del Gobierno del Estado.<\/p>\n\n\n\n<p>Esta sentencia del Juicio para la Protecci\u00f3n de los Derechos Pol\u00edtico Electorales del Ciudadano, identificado con la clave JDC\/718\/2022; refiere que la tutela de los derechos de la funcionaria estatal, no es viable en el \u00e1mbito electoral.<\/p>\n\n\n\n<p>Expuso que los actos que Nassar Pi\u00f1eyro hace valer y que alude podr\u00edan constituir violencia de g\u00e9nero, refieren al cargo que ostenta actualmente como secretaria de Administraci\u00f3n, que se le otorg\u00f3 mediante designaci\u00f3n directa por parte del titular del Ejecutivo, y no a trav\u00e9s del voto popular.<\/p>\n\n\n\n<p>La resoluci\u00f3n advierte que, si bien la actora se acredit\u00f3 con el car\u00e1cter de diputada federal, lo cierto es que actualmente cuenta con licencia por tiempo indefinido para dicho cargo.<\/p>\n\n\n\n<p>La funcionaria controvirti\u00f3 el acuerdo dictado por la Comisi\u00f3n de Quejas y Denuncias o Procedimiento Contencioso Electoral del Instituto Estatal Electoral y de Participaci\u00f3n Ciudadana de Oaxaca (IEEPCO), mediante el cual declar\u00f3 la incompetencia para conocer su queja por hechos que pudieran ser constitutivos de violencia pol\u00edtica en raz\u00f3n de g\u00e9nero.<\/p>\n","protected":false},"excerpt":{"rendered":"<p>Redacci\u00f3n\/Zona Roja. Oaxaca de Ju\u00e1rez, Oax., a 12 de agosto de 2022.- Por unanimidad, el&hellip;<\/p>\n","protected":false},"author":2,"featured_media":23992,"comment_status":"closed","ping_status":"open","sticky":false,"template":"","format":"standard","meta":{"_lmt_disableupdate":"","_lmt_disable":"","_jetpack_memberships_contains_paid_content":false,"footnotes":""},"categories":[109,47],"tags":[2485,2235],"class_list":["post-44546","post","type-post","status-publish","format-standard","has-post-thumbnail","hentry","category-minuto-a-minuto","category-zona-gris","tag-mariana-nassar-pineyro","tag-tribunal-electoral-del-estado-de-oaxaca-teeo"],"jetpack_featured_media_url":"https:\/\/zonaroja.com.mx\/wp-content\/uploads\/2021\/02\/Mariana-Nassar-Pineyro.jpg","jetpack_sharing_enabled":true,"_links":{"self":[{"href":"https:\/\/zonaroja.com.mx\/index.php?rest_route=\/wp\/v2\/posts\/44546","targetHints":{"allow":["GET"]}}],"collection":[{"href":"https:\/\/zonaroja.com.mx\/index.php?rest_route=\/wp\/v2\/posts"}],"about":[{"href":"https:\/\/zonaroja.com.mx\/index.php?rest_route=\/wp\/v2\/types\/post"}],"author":[{"embeddable":true,"href":"https:\/\/zonaroja.com.mx\/index.php?rest_route=\/wp\/v2\/users\/2"}],"replies":[{"embeddable":true,"href":"https:\/\/zonaroja.com.mx\/index.php?rest_route=%2Fwp%2Fv2%2Fcomments&post=44546"}],"version-history":[{"count":1,"href":"https:\/\/zonaroja.com.mx\/index.php?rest_route=\/wp\/v2\/posts\/44546\/revisions"}],"predecessor-version":[{"id":44547,"href":"https:\/\/zonaroja.com.mx\/index.php?rest_route=\/wp\/v2\/posts\/44546\/revisions\/44547"}],"wp:featuredmedia":[{"embeddable":true,"href":"https:\/\/zonaroja.com.mx\/index.php?rest_route=\/wp\/v2\/media\/23992"}],"wp:attachment":[{"href":"https:\/\/zonaroja.com.mx\/index.php?rest_route=%2Fwp%2Fv2%2Fmedia&parent=44546"}],"wp:term":[{"taxonomy":"category","embeddable":true,"href":"https:\/\/zonaroja.com.mx\/index.php?rest_route=%2Fwp%2Fv2%2Fcategories&post=44546"},{"taxonomy":"post_tag","embeddable":true,"href":"https:\/\/zonaroja.com.mx\/index.php?rest_route=%2Fwp%2Fv2%2Ftags&post=44546"}],"curies":[{"name":"wp","href":"https:\/\/api.w.org\/{rel}","templated":true}]}}