{"id":44549,"date":"2022-08-12T17:58:49","date_gmt":"2022-08-12T22:58:49","guid":{"rendered":"https:\/\/www.zonaroja.com.mx\/?p=44549"},"modified":"2022-08-12T17:58:54","modified_gmt":"2022-08-12T22:58:54","slug":"de-chiltepec-oaxaca-una-de-las-victimas-del-narcoterror-en-ciudad-juarez","status":"publish","type":"post","link":"https:\/\/zonaroja.com.mx\/?p=44549","title":{"rendered":"De Chiltepec, Oaxaca, una de las v\u00edctimas del \u201cnarcoterror\u201d en Ciudad Ju\u00e1rez"},"content":{"rendered":"\n<p>Redacci\u00f3n \/Zona Roja.<\/p>\n\n\n\n<p>Oaxaca de Ju\u00e1rez, Oax., a 12 de agosto de 2022.- Familiares y autoridades de San Jos\u00e9 Chiltepec, en la regi\u00f3n de la Cuenca de Oaxaca, confirmaron que entre las 11 v\u00edctimas mortales de los hechos violentos en Ciudad Ju\u00e1rez, Chihuahua, se encuentra el joven oriundo de la comunidad, Yovani Varo Ota\u00f1ez.<\/p>\n\n\n\n<p>El presidente municipal de Chiltepec, Javier Mart\u00ednez L\u00f3pez, dio a conocer la ma\u00f1ana de&nbsp;este viernes&nbsp;el lamentable saldo que enlut\u00f3 a una familia de esta comunidad, as\u00ed como que hab\u00eda solicitado al edil de Ciudad Ju\u00e1rez, Cruz P\u00e9rez Cu\u00e9llar, realizar el traslado del cuerpo de Yovani, lo antes posible y sin costo para la familia.<\/p>\n\n\n\n<p>De acuerdo con la familia, entrevistada por el medio TvBus, el joven radicaba en la ciudad fronteriza desde hace un a\u00f1o y medio, aproximadamente, en busca de trabajo mejor remunerado para ayudar con los gastos del hogar, del que su madre se hab\u00eda hecho cargo sola. <\/p>\n\n\n\n<p>Yovani, egresado de Enfermer\u00eda, trabajaba en una f\u00e1brica, pero la tarde de ayer fue alcanzado por las balas en uno de los escenarios donde se desarrollaron los hechos violentos.&nbsp;<\/p>\n\n\n\n<p>La madre del joven, Candelaria Varo, indic\u00f3 que la noticia la recibi\u00f3 por parte de la pareja de su hijo, quien le cont\u00f3 que hab\u00eda muerto por heridas de bala.&nbsp;<\/p>\n\n\n\n<p>El saldo de la jornada de este jueves en Ciudad Ju\u00e1rez es de 11 personas fallecidas y al menos 12 lesionadas; se llevaron a cabo incendios de negocios, ataques en tiendas de autoservicio y en v\u00edas p\u00fablicas, as\u00ed como un agresi\u00f3n a una estaci\u00f3n de radio en el que murieron cuatro personas. <\/p>\n","protected":false},"excerpt":{"rendered":"<p>Redacci\u00f3n \/Zona Roja. Oaxaca de Ju\u00e1rez, Oax., a 12 de agosto de 2022.- Familiares y&hellip;<\/p>\n","protected":false},"author":2,"featured_media":44548,"comment_status":"closed","ping_status":"open","sticky":false,"template":"","format":"standard","meta":{"_lmt_disableupdate":"","_lmt_disable":"","_jetpack_memberships_contains_paid_content":false,"footnotes":""},"categories":[109,47],"tags":[],"class_list":["post-44549","post","type-post","status-publish","format-standard","has-post-thumbnail","hentry","category-minuto-a-minuto","category-zona-gris"],"jetpack_featured_media_url":"https:\/\/zonaroja.com.mx\/wp-content\/uploads\/2022\/08\/Yovani-Varo-Chiltepec-asesinado-en-Ciudad-Juarez.jpg","jetpack_sharing_enabled":true,"_links":{"self":[{"href":"https:\/\/zonaroja.com.mx\/index.php?rest_route=\/wp\/v2\/posts\/44549","targetHints":{"allow":["GET"]}}],"collection":[{"href":"https:\/\/zonaroja.com.mx\/index.php?rest_route=\/wp\/v2\/posts"}],"about":[{"href":"https:\/\/zonaroja.com.mx\/index.php?rest_route=\/wp\/v2\/types\/post"}],"author":[{"embeddable":true,"href":"https:\/\/zonaroja.com.mx\/index.php?rest_route=\/wp\/v2\/users\/2"}],"replies":[{"embeddable":true,"href":"https:\/\/zonaroja.com.mx\/index.php?rest_route=%2Fwp%2Fv2%2Fcomments&post=44549"}],"version-history":[{"count":1,"href":"https:\/\/zonaroja.com.mx\/index.php?rest_route=\/wp\/v2\/posts\/44549\/revisions"}],"predecessor-version":[{"id":44550,"href":"https:\/\/zonaroja.com.mx\/index.php?rest_route=\/wp\/v2\/posts\/44549\/revisions\/44550"}],"wp:featuredmedia":[{"embeddable":true,"href":"https:\/\/zonaroja.com.mx\/index.php?rest_route=\/wp\/v2\/media\/44548"}],"wp:attachment":[{"href":"https:\/\/zonaroja.com.mx\/index.php?rest_route=%2Fwp%2Fv2%2Fmedia&parent=44549"}],"wp:term":[{"taxonomy":"category","embeddable":true,"href":"https:\/\/zonaroja.com.mx\/index.php?rest_route=%2Fwp%2Fv2%2Fcategories&post=44549"},{"taxonomy":"post_tag","embeddable":true,"href":"https:\/\/zonaroja.com.mx\/index.php?rest_route=%2Fwp%2Fv2%2Ftags&post=44549"}],"curies":[{"name":"wp","href":"https:\/\/api.w.org\/{rel}","templated":true}]}}