{"id":4455,"date":"2019-10-01T08:51:02","date_gmt":"2019-10-01T13:51:02","guid":{"rendered":"http:\/\/www.zonaroja.com.mx\/?p=4455"},"modified":"2019-10-01T08:51:04","modified_gmt":"2019-10-01T13:51:04","slug":"pierde-fiscalia-otro-caso-mp-obligo-a-firmar-documento-y-salen-libres-dos","status":"publish","type":"post","link":"https:\/\/zonaroja.com.mx\/?p=4455","title":{"rendered":"Pierde Fiscal\u00eda otro caso: MP oblig\u00f3 a firmar documento y salen libres dos"},"content":{"rendered":"\n<p>Redacci\u00f3n<\/p>\n\n\n\n<p>Oaxaca de\nJu\u00e1rez, Oax., 1 de octubre de 2019.- Una en\u00e9sima pifia de la Fiscal\u00eda General\ndel Estado de Oaxaca origin\u00f3 que dos presuntos asesinos fueran dejados en\nlibertad; uno de ellos continuar\u00e1 en prisi\u00f3n, pero por otro caso distinto.<\/p>\n\n\n\n<p>A Eliezer R.\nT. y Galo G. O., el juez de control de la causa les decret\u00f3 el auto de libertad\neste fin de semana; este \u00faltimo seguir\u00e1 en prisi\u00f3n acusado del crimen de una\nmujer y su hija, en mayo de 2018.<\/p>\n\n\n\n<p>El pasado 20\nde septiembre, personal de la Agencia Estatal de Investigaciones dio cumplimiento\na la orden de aprehensi\u00f3n en contra de Galo y Eliezer, por lo cual la juez de\ncontrol de la Villa de Etla realiz\u00f3 la audiencia de comunicaci\u00f3n de la\nimputaci\u00f3n por el crimen de Cristian L.P. de 19 a\u00f1os de edad, ocurrido en\nPinotepa Nacional el 14 de abril de 2018.<\/p>\n\n\n\n<p>Durante la audiencia,\nel agente del Ministerio P\u00fablico argument\u00f3 que la mam\u00e1 del joven asesinado\nfirm\u00f3 una declaraci\u00f3n en que identificaba a los dos sujetos que hab\u00edan\ninterceptado una camioneta de pasajeros en La Cruz de Itacu\u00e1n, Pinotepa\nNacional, bajaron a su hijo y le dieron muerte.<\/p>\n\n\n\n<p>Tambi\u00e9n dijo\nque la imputaci\u00f3n se basaba en la declaraci\u00f3n del due\u00f1o de una empresa de renta\nde gr\u00faas, adem\u00e1s de que se contaban con evidencias bal\u00edsticas.<\/p>\n\n\n\n<p>Sin embargo,\nen la audiencia de t\u00e9rmino constitucional, los abogados defensores de ambos\nacusados presentaron ante el juez de control a la mam\u00e1 de Cristian L. P. y dijo\nque nunca declar\u00f3 contra Eliezer y Galo, ya que no reconoci\u00f3 a los presuntos\nhomicidas.<\/p>\n\n\n\n<p>Expuso que a\nfinales de agosto fue citada por el agente del Ministerio P\u00fablico en Pinotepa\nNacional y quien le dijo que firmara unos documentos, ya que exist\u00eda un error\nen su nombre. Fue entonces que habr\u00edan cambiado su declaraci\u00f3n en contra de los\nsupuestos asesinos.<\/p>\n\n\n\n<p>Eliezer, a\nquien la polic\u00eda consideraba que era el l\u00edder de una banda de presuntos \u201cnarcomenudistas\u201d\nen la Costa Chica, fue absuelto del delito de homicidio al igual que Galo, al\nconsiderar los jueces del tribunal de enjuiciamiento de Puerto Escondido que\nlas pruebas fueron insuficientes para determinar su culpabilidad.<\/p>\n","protected":false},"excerpt":{"rendered":"<p>Redacci\u00f3n Oaxaca de Ju\u00e1rez, Oax., 1 de octubre de 2019.- Una en\u00e9sima pifia de la&hellip;<\/p>\n","protected":false},"author":2,"featured_media":4456,"comment_status":"closed","ping_status":"open","sticky":false,"template":"","format":"standard","meta":{"_lmt_disableupdate":"","_lmt_disable":"","_jetpack_memberships_contains_paid_content":false,"footnotes":""},"categories":[51],"tags":[494],"class_list":["post-4455","post","type-post","status-publish","format-standard","has-post-thumbnail","hentry","category-zona-roja","tag-fiscalia-general-del-estado-de-oaxaca"],"jetpack_featured_media_url":"https:\/\/zonaroja.com.mx\/wp-content\/uploads\/2019\/10\/liberados.jpg","jetpack_sharing_enabled":true,"_links":{"self":[{"href":"https:\/\/zonaroja.com.mx\/index.php?rest_route=\/wp\/v2\/posts\/4455","targetHints":{"allow":["GET"]}}],"collection":[{"href":"https:\/\/zonaroja.com.mx\/index.php?rest_route=\/wp\/v2\/posts"}],"about":[{"href":"https:\/\/zonaroja.com.mx\/index.php?rest_route=\/wp\/v2\/types\/post"}],"author":[{"embeddable":true,"href":"https:\/\/zonaroja.com.mx\/index.php?rest_route=\/wp\/v2\/users\/2"}],"replies":[{"embeddable":true,"href":"https:\/\/zonaroja.com.mx\/index.php?rest_route=%2Fwp%2Fv2%2Fcomments&post=4455"}],"version-history":[{"count":1,"href":"https:\/\/zonaroja.com.mx\/index.php?rest_route=\/wp\/v2\/posts\/4455\/revisions"}],"predecessor-version":[{"id":4457,"href":"https:\/\/zonaroja.com.mx\/index.php?rest_route=\/wp\/v2\/posts\/4455\/revisions\/4457"}],"wp:featuredmedia":[{"embeddable":true,"href":"https:\/\/zonaroja.com.mx\/index.php?rest_route=\/wp\/v2\/media\/4456"}],"wp:attachment":[{"href":"https:\/\/zonaroja.com.mx\/index.php?rest_route=%2Fwp%2Fv2%2Fmedia&parent=4455"}],"wp:term":[{"taxonomy":"category","embeddable":true,"href":"https:\/\/zonaroja.com.mx\/index.php?rest_route=%2Fwp%2Fv2%2Fcategories&post=4455"},{"taxonomy":"post_tag","embeddable":true,"href":"https:\/\/zonaroja.com.mx\/index.php?rest_route=%2Fwp%2Fv2%2Ftags&post=4455"}],"curies":[{"name":"wp","href":"https:\/\/api.w.org\/{rel}","templated":true}]}}