{"id":44554,"date":"2022-08-12T20:52:26","date_gmt":"2022-08-13T01:52:26","guid":{"rendered":"http:\/\/www.zonaroja.com.mx\/?p=44554"},"modified":"2022-08-12T21:22:30","modified_gmt":"2022-08-13T02:22:30","slug":"exigen-indagar-a-constructora-por-un-muerto-en-centro-de-convenciones-de-huatulco","status":"publish","type":"post","link":"https:\/\/zonaroja.com.mx\/?p=44554","title":{"rendered":"Exigen indagar a constructora por un muerto en Centro de Convenciones de Huatulco"},"content":{"rendered":"\n<p>Redacci\u00f3n\/Zona Roja.<\/p>\n\n\n\n<p>Oaxaca de Ju\u00e1rez, Oax., 12 de agosto de 2022.- Familiares del obrero que falleci\u00f3 ayer accidentalmente en las obras del Centro de Convenciones de Huatulco, exigieron a las autoridades municipales y estatales indagar las causas de la muerte, ocurrida ayer, as\u00ed como la responsabilidad de las constructoras.<\/p>\n\n\n\n<p>El inmueble se edifica en la bah\u00eda Chahu\u00e9, cerca de muelle de Marina y lo impulsa el Gobierno del Estado, a trav\u00e9s de la Secretar\u00eda de las Infraestructuras y Ordenamiento Territorial Sustentable; tiene una inversi\u00f3n de 322 millones 531 mil 445.97 pesos.<\/p>\n\n\n\n<p>El obrero cay\u00f3 ayer por la ma\u00f1ana de un tercer nivel, aproximadamente 15 metros, y no llevaba casco de protecci\u00f3n; presuntamente ten\u00eda arn\u00e9s de seguridad, pero no funcion\u00f3 al momento de la ca\u00edda.<\/p>\n\n\n\n<p>Una de las empresas subcontratadas, de acuerdo con los trabajadores, es Constructora de Cimientos y Acabados S. A. de C. V., cuyo responsable es Eda Arellano; el proyecto fue dise\u00f1ado por Ten Arquitectos, de Enrique Norten.<\/p>\n\n\n\n<p>Los familiares demandan tambi\u00e9n indagar las condiciones en que laboran los trabajadores, pues las jornadas son extenuantes, hay al menos tres turnos; algunos trabajan incluso de noche y con las m\u00ednimas condiciones.<\/p>\n\n\n\n<p>Los responsables de la obra pidieron a las autoridades de la Vicefiscal\u00eda Regional de la Costa guardar absoluto hermetismo del caso, que pr\u00e1cticamente no se ha difundido en medios de la regi\u00f3n.<\/p>\n\n\n\n<p>Asimismo, los familiares demandaron que se expliquen las prisas que tiene el Gobierno del Estado, a trav\u00e9s de la Secretar\u00eda de las Infraestructuras, por concluir a la brevedad la obra, poniendo en riesgo la vida de los obreros.<\/p>\n\n\n\n<figure class=\"wp-block-image size-full\"><a href=\"http:\/\/www.zonaroja.com.mx\/wp-content\/uploads\/2022\/08\/Obra-Centro-de-Convenciones-Huatulco-2.jpg\" data-rel=\"penci-gallery-image-content\" ><img decoding=\"async\" width=\"1000\" height=\"750\" src=\"http:\/\/www.zonaroja.com.mx\/wp-content\/uploads\/2022\/08\/Obra-Centro-de-Convenciones-Huatulco-2.jpg\" alt=\"\" class=\"wp-image-44556\" srcset=\"https:\/\/zonaroja.com.mx\/wp-content\/uploads\/2022\/08\/Obra-Centro-de-Convenciones-Huatulco-2.jpg 1000w, https:\/\/zonaroja.com.mx\/wp-content\/uploads\/2022\/08\/Obra-Centro-de-Convenciones-Huatulco-2-300x225.jpg 300w, https:\/\/zonaroja.com.mx\/wp-content\/uploads\/2022\/08\/Obra-Centro-de-Convenciones-Huatulco-2-768x576.jpg 768w, https:\/\/zonaroja.com.mx\/wp-content\/uploads\/2022\/08\/Obra-Centro-de-Convenciones-Huatulco-2-585x439.jpg 585w\" sizes=\"(max-width: 1000px) 100vw, 1000px\" \/><\/a><\/figure>\n","protected":false},"excerpt":{"rendered":"<p>Redacci\u00f3n\/Zona Roja. Oaxaca de Ju\u00e1rez, Oax., 12 de agosto de 2022.- Familiares del obrero que&hellip;<\/p>\n","protected":false},"author":2,"featured_media":44555,"comment_status":"closed","ping_status":"open","sticky":false,"template":"","format":"standard","meta":{"_lmt_disableupdate":"","_lmt_disable":"","_jetpack_memberships_contains_paid_content":false,"footnotes":""},"categories":[109,47],"tags":[3225],"class_list":["post-44554","post","type-post","status-publish","format-standard","has-post-thumbnail","hentry","category-minuto-a-minuto","category-zona-gris","tag-centro-de-convenciones-huatulco-oaxaca"],"jetpack_featured_media_url":"https:\/\/zonaroja.com.mx\/wp-content\/uploads\/2022\/08\/Obra-Centro-de-Convenciones-Huatulco.jpg","jetpack_sharing_enabled":true,"_links":{"self":[{"href":"https:\/\/zonaroja.com.mx\/index.php?rest_route=\/wp\/v2\/posts\/44554","targetHints":{"allow":["GET"]}}],"collection":[{"href":"https:\/\/zonaroja.com.mx\/index.php?rest_route=\/wp\/v2\/posts"}],"about":[{"href":"https:\/\/zonaroja.com.mx\/index.php?rest_route=\/wp\/v2\/types\/post"}],"author":[{"embeddable":true,"href":"https:\/\/zonaroja.com.mx\/index.php?rest_route=\/wp\/v2\/users\/2"}],"replies":[{"embeddable":true,"href":"https:\/\/zonaroja.com.mx\/index.php?rest_route=%2Fwp%2Fv2%2Fcomments&post=44554"}],"version-history":[{"count":2,"href":"https:\/\/zonaroja.com.mx\/index.php?rest_route=\/wp\/v2\/posts\/44554\/revisions"}],"predecessor-version":[{"id":44558,"href":"https:\/\/zonaroja.com.mx\/index.php?rest_route=\/wp\/v2\/posts\/44554\/revisions\/44558"}],"wp:featuredmedia":[{"embeddable":true,"href":"https:\/\/zonaroja.com.mx\/index.php?rest_route=\/wp\/v2\/media\/44555"}],"wp:attachment":[{"href":"https:\/\/zonaroja.com.mx\/index.php?rest_route=%2Fwp%2Fv2%2Fmedia&parent=44554"}],"wp:term":[{"taxonomy":"category","embeddable":true,"href":"https:\/\/zonaroja.com.mx\/index.php?rest_route=%2Fwp%2Fv2%2Fcategories&post=44554"},{"taxonomy":"post_tag","embeddable":true,"href":"https:\/\/zonaroja.com.mx\/index.php?rest_route=%2Fwp%2Fv2%2Ftags&post=44554"}],"curies":[{"name":"wp","href":"https:\/\/api.w.org\/{rel}","templated":true}]}}