{"id":44559,"date":"2022-08-12T21:41:42","date_gmt":"2022-08-13T02:41:42","guid":{"rendered":"http:\/\/www.zonaroja.com.mx\/?p=44559"},"modified":"2022-08-12T21:55:22","modified_gmt":"2022-08-13T02:55:22","slug":"detienen-a-tercer-implicado-en-masacre-de-huazantlan-familias-reconocen-logro","status":"publish","type":"post","link":"https:\/\/zonaroja.com.mx\/?p=44559","title":{"rendered":"Detienen a tercer implicado en masacre de Huazantl\u00e1n; familias reconocen logro"},"content":{"rendered":"\n<p>Yuridiana Sosa\/Zona Roja<\/p>\n\n\n\n<p>Oaxaca de Ju\u00e1rez, Oax., 12 de agosto de 2022.- La Fiscal\u00eda General del Estado de Oaxaca (FGEO) logr\u00f3 la aprehensi\u00f3n de un tercer implicado en la masacre de Huazantl\u00e1n del R\u00edo, del municipio de San Mateo del Mar, en junio de 2020, en la que asesinaron a 13 hombres y dos mujeres.<\/p>\n\n\n\n<p>El pasado 8 de agosto, la autoridad judicial detuvo a Jos\u00e9 Luis N., probable autor material del multihomicidio acentuado en la causa penal 206\/2020, y por el cual en abril de este a\u00f1o se detuvo y vincul\u00f3 a proceso a G. E. A. o W. E. A., y anteriormente en noviembre de 2021 a otra persona identificada como F. S. S.<\/p>\n\n\n\n<p>La detenci\u00f3n fue reconocida en un comunicado por los familiares e integrantes de la Red estatal de V\u00edctimas de Oaxaca \u201cTom\u00e1s Mart\u00ednez\u201d, quienes apuntaron que representa un importante avance en la b\u00fasqueda de la justicia de este caso y contra la impunidad.<\/p>\n\n\n\n<p>Los familiares y la comunidad ikoot apuntaron que esta acci\u00f3n los alienta para continuar en su demanda de justicia, la cual permanecer\u00e1 hasta que todos los responsables sean detenidos y sentenciados.<\/p>\n\n\n\n<p>En ese sentido, apuntaron que siguen pendientes 158 \u00f3rdenes de aprehensi\u00f3n, por lo que no cesar\u00e1n en sus demandas.<\/p>\n\n\n\n<p>\u201cNo dejaremos que la memoria de nuestros hermanos se pierda en el olvido, ver que se hace justicia nos da fuerza y unidad\u201d, expres\u00f3 la Red por medio de un comunicado.\u00a0<\/p>\n\n\n\n<figure class=\"wp-block-image size-full\"><a href=\"http:\/\/www.zonaroja.com.mx\/wp-content\/uploads\/2022\/08\/Reconocen-detenido-Huazantlan.jpg\" data-rel=\"penci-gallery-image-content\" ><img decoding=\"async\" width=\"720\" height=\"893\" src=\"http:\/\/www.zonaroja.com.mx\/wp-content\/uploads\/2022\/08\/Reconocen-detenido-Huazantlan.jpg\" alt=\"\" class=\"wp-image-44561\" srcset=\"https:\/\/zonaroja.com.mx\/wp-content\/uploads\/2022\/08\/Reconocen-detenido-Huazantlan.jpg 720w, https:\/\/zonaroja.com.mx\/wp-content\/uploads\/2022\/08\/Reconocen-detenido-Huazantlan-242x300.jpg 242w, https:\/\/zonaroja.com.mx\/wp-content\/uploads\/2022\/08\/Reconocen-detenido-Huazantlan-585x726.jpg 585w\" sizes=\"(max-width: 720px) 100vw, 720px\" \/><\/a><\/figure>\n","protected":false},"excerpt":{"rendered":"<p>Yuridiana Sosa\/Zona Roja Oaxaca de Ju\u00e1rez, Oax., 12 de agosto de 2022.- La Fiscal\u00eda General&hellip;<\/p>\n","protected":false},"author":2,"featured_media":22749,"comment_status":"closed","ping_status":"open","sticky":false,"template":"","format":"standard","meta":{"_lmt_disableupdate":"","_lmt_disable":"","_jetpack_memberships_contains_paid_content":false,"footnotes":""},"categories":[109,47],"tags":[1656],"class_list":["post-44559","post","type-post","status-publish","format-standard","has-post-thumbnail","hentry","category-minuto-a-minuto","category-zona-gris","tag-huazantlan-del-rio"],"jetpack_featured_media_url":"https:\/\/zonaroja.com.mx\/wp-content\/uploads\/2021\/01\/Huazantlan-del-Rio.jpg","jetpack_sharing_enabled":true,"_links":{"self":[{"href":"https:\/\/zonaroja.com.mx\/index.php?rest_route=\/wp\/v2\/posts\/44559","targetHints":{"allow":["GET"]}}],"collection":[{"href":"https:\/\/zonaroja.com.mx\/index.php?rest_route=\/wp\/v2\/posts"}],"about":[{"href":"https:\/\/zonaroja.com.mx\/index.php?rest_route=\/wp\/v2\/types\/post"}],"author":[{"embeddable":true,"href":"https:\/\/zonaroja.com.mx\/index.php?rest_route=\/wp\/v2\/users\/2"}],"replies":[{"embeddable":true,"href":"https:\/\/zonaroja.com.mx\/index.php?rest_route=%2Fwp%2Fv2%2Fcomments&post=44559"}],"version-history":[{"count":2,"href":"https:\/\/zonaroja.com.mx\/index.php?rest_route=\/wp\/v2\/posts\/44559\/revisions"}],"predecessor-version":[{"id":44562,"href":"https:\/\/zonaroja.com.mx\/index.php?rest_route=\/wp\/v2\/posts\/44559\/revisions\/44562"}],"wp:featuredmedia":[{"embeddable":true,"href":"https:\/\/zonaroja.com.mx\/index.php?rest_route=\/wp\/v2\/media\/22749"}],"wp:attachment":[{"href":"https:\/\/zonaroja.com.mx\/index.php?rest_route=%2Fwp%2Fv2%2Fmedia&parent=44559"}],"wp:term":[{"taxonomy":"category","embeddable":true,"href":"https:\/\/zonaroja.com.mx\/index.php?rest_route=%2Fwp%2Fv2%2Fcategories&post=44559"},{"taxonomy":"post_tag","embeddable":true,"href":"https:\/\/zonaroja.com.mx\/index.php?rest_route=%2Fwp%2Fv2%2Ftags&post=44559"}],"curies":[{"name":"wp","href":"https:\/\/api.w.org\/{rel}","templated":true}]}}