{"id":44563,"date":"2022-08-14T06:49:00","date_gmt":"2022-08-14T11:49:00","guid":{"rendered":"http:\/\/www.zonaroja.com.mx\/?p=44563"},"modified":"2022-08-13T21:12:13","modified_gmt":"2022-08-14T02:12:13","slug":"van-dos-detenidos-en-una-semana-por-tirar-basura-en-santa-lucia-del-camino","status":"publish","type":"post","link":"https:\/\/zonaroja.com.mx\/?p=44563","title":{"rendered":"Van dos detenidos en una semana por tirar basura en Santa Luc\u00eda del Camino"},"content":{"rendered":"\n<p>Redacci\u00f3n\/Zona Roja.<\/p>\n\n\n\n<p>Oaxaca de Ju\u00e1rez, Oax., 14 de agosto de 2022.- Tras el inicio del programa \u201cCero basura\u201d, en Santa Luc\u00eda del Camino, Oaxaca, dos personas han sido detenidas por tirar desechos en la v\u00eda p\u00fablica, al ser consideradas faltas administrativas.<\/p>\n\n\n\n<p>Del m\u00e1s reciente caso, se trata de un hombre que vest\u00eda chamarra color negro y pantal\u00f3n de mezclilla, identificado como Ad\u00e1n I. G. de 26 a\u00f1os, quien fue sorprendido tirando desechos en el bordo del r\u00edo \u201cSalado\u201d esquina con la tercera Privada de Sauces, en la colonia Calicanto.&nbsp;<\/p>\n\n\n\n<p>Al visualizar a los elementos de seguridad, el sujeto intent\u00f3 darse a la fuga, sin embargo, fue interceptado metros adelante, procediendo a su detenci\u00f3n por cometer la mencionada falta administrativa, la cual tiene fundamento en el Art\u00edculo 184 de la Ley de Ingresos vigente en el municipio de Santa Luc\u00eda del Camino.<\/p>\n\n\n\n<p>Por lo tanto, Ad\u00e1n I. G. fue puesto a disposici\u00f3n del Juez Municipal en turno, para que le aplique la sanci\u00f3n correspondiente al pago de 30 UMAS (dos mil 886.60 pesos), por concepto de emisi\u00f3n de contaminante o impacto al medio ambiente.<\/p>\n\n\n\n<p>La administraci\u00f3n que encabeza el presidente municipal Juan Carlos Garc\u00eda M\u00e1rquez, refrenda su accionar en contra de quienes vulneren el bienestar de las familias de Santa Luc\u00eda del Camino, y que pongan en riesgo la salud de las y los habitantes del municipio y continua con su plan \u201cCero Basura\u201d.<\/p>\n","protected":false},"excerpt":{"rendered":"<p>Redacci\u00f3n\/Zona Roja. Oaxaca de Ju\u00e1rez, Oax., 14 de agosto de 2022.- Tras el inicio del&hellip;<\/p>\n","protected":false},"author":2,"featured_media":44565,"comment_status":"closed","ping_status":"open","sticky":false,"template":"","format":"standard","meta":{"_lmt_disableupdate":"","_lmt_disable":"","_jetpack_memberships_contains_paid_content":false,"footnotes":""},"categories":[109,46],"tags":[337],"class_list":["post-44563","post","type-post","status-publish","format-standard","has-post-thumbnail","hentry","category-minuto-a-minuto","category-zona-blanca","tag-santa-lucia-del-camino"],"jetpack_featured_media_url":"https:\/\/zonaroja.com.mx\/wp-content\/uploads\/2022\/08\/Detenido-basura-Santa-Lucia-del-Camino-1.jpg","jetpack_sharing_enabled":true,"_links":{"self":[{"href":"https:\/\/zonaroja.com.mx\/index.php?rest_route=\/wp\/v2\/posts\/44563","targetHints":{"allow":["GET"]}}],"collection":[{"href":"https:\/\/zonaroja.com.mx\/index.php?rest_route=\/wp\/v2\/posts"}],"about":[{"href":"https:\/\/zonaroja.com.mx\/index.php?rest_route=\/wp\/v2\/types\/post"}],"author":[{"embeddable":true,"href":"https:\/\/zonaroja.com.mx\/index.php?rest_route=\/wp\/v2\/users\/2"}],"replies":[{"embeddable":true,"href":"https:\/\/zonaroja.com.mx\/index.php?rest_route=%2Fwp%2Fv2%2Fcomments&post=44563"}],"version-history":[{"count":2,"href":"https:\/\/zonaroja.com.mx\/index.php?rest_route=\/wp\/v2\/posts\/44563\/revisions"}],"predecessor-version":[{"id":44594,"href":"https:\/\/zonaroja.com.mx\/index.php?rest_route=\/wp\/v2\/posts\/44563\/revisions\/44594"}],"wp:featuredmedia":[{"embeddable":true,"href":"https:\/\/zonaroja.com.mx\/index.php?rest_route=\/wp\/v2\/media\/44565"}],"wp:attachment":[{"href":"https:\/\/zonaroja.com.mx\/index.php?rest_route=%2Fwp%2Fv2%2Fmedia&parent=44563"}],"wp:term":[{"taxonomy":"category","embeddable":true,"href":"https:\/\/zonaroja.com.mx\/index.php?rest_route=%2Fwp%2Fv2%2Fcategories&post=44563"},{"taxonomy":"post_tag","embeddable":true,"href":"https:\/\/zonaroja.com.mx\/index.php?rest_route=%2Fwp%2Fv2%2Ftags&post=44563"}],"curies":[{"name":"wp","href":"https:\/\/api.w.org\/{rel}","templated":true}]}}