{"id":44568,"date":"2022-08-13T06:52:51","date_gmt":"2022-08-13T11:52:51","guid":{"rendered":"http:\/\/www.zonaroja.com.mx\/?p=44568"},"modified":"2022-08-13T06:52:52","modified_gmt":"2022-08-13T11:52:52","slug":"presentan-informe-del-proyectoconsolidacion-del-sistema-de-justicia-penal","status":"publish","type":"post","link":"https:\/\/zonaroja.com.mx\/?p=44568","title":{"rendered":"Presentan informe del proyecto\u201cConsolidaci\u00f3n del Sistema de Justicia Penal\u201d"},"content":{"rendered":"\n<p>Redacci\u00f3n\/Zona Roja.<\/p>\n\n\n\n<p>Oaxaca de Ju\u00e1rez, Oax., a 13 de agosto de 2022.- La Oficina de las Naciones Unidas contra la Droga y el Delito (UNODC) en M\u00e9xico,&nbsp;present\u00f3&nbsp;al Poder Judicial de Oaxaca el informe final del proyecto&nbsp;\u201cConsolidaci\u00f3n del Sistema de Justicia Penal Acusatorio (SJPA) en M\u00e9xico\u201d correspondiente&nbsp;a la entidad, el cual es resultado de un esquema de trabajo de cooperaci\u00f3n conjunta&nbsp;y fue implementado en 16 estados del pa\u00eds.&nbsp;<\/p>\n\n\n\n<p>En la ceremonia protocolaria, encabezada por el magistrado presidente Eduardo Pinacho S\u00e1nchez, se destacaron los resultados satisfactorios encontrados en la actuaci\u00f3n de las y los operadores de justicia&nbsp;que participan en audiencias, al resolver de forma clara y concisa en la mayor\u00eda de las determinaciones judiciales, lo que favorece el trato digno, igualitario y no discriminatorio para las personas intervinientes.&nbsp;<\/p>\n\n\n\n<p>En su&nbsp;oportunidad, el titular del Poder Judicial del Estado se\u00f1al\u00f3 que conocer las buenas pr\u00e1cticas reportadas en el informe es un aliciente a la labor de la instituci\u00f3n. \u201cEl prop\u00f3sito que perseguimos en esta administraci\u00f3n ha sido el de fortalecer el sistema acusatorio penal, as\u00ed como consolidar una justicia humanizada, m\u00e1s eficiente y transparente\u201d, indic\u00f3.&nbsp;<\/p>\n\n\n\n<p>El estudio se realiz\u00f3 en un muestro de audiencias iniciales, intermedias, suspensi\u00f3n condicional del proceso, procedimiento abreviado y audiencia de juicio oral, as\u00ed como en visitas a los diferentes centros de justicia en el estado. De los hallazgos y resultados del an\u00e1lisis&nbsp;se&nbsp;plantean&nbsp;recomendaciones puntuales para consolidar el Sistema de Justicia Penal Acusatorio en el estado.<\/p>\n\n\n\n<p>Participaron en la reuni\u00f3n, por parte de la&nbsp;UNODC,&nbsp;la&nbsp;titular de los Programas de Prevenci\u00f3n del Delito y Justicia Penal,&nbsp;Nayely S\u00e1nchez Estrada; la coordinadora del proyecto, Sof\u00eda D\u00edaz Menci\u00f3 y el&nbsp;asesor senior&nbsp;del proyecto,&nbsp;doctor H\u00e9ctor Hermoso Larragoiti;&nbsp;quienes expusieron la metodolog\u00eda empleada y reconocieron el apoyo&nbsp;de la instituci\u00f3n para llevar a cabo esta iniciativa, proporcionando informaci\u00f3n objetiva y confiable.&nbsp;<\/p>\n\n\n\n<p>Del Poder Judicial del Estado estuvieron presentes, el magistrado&nbsp;Manuel de Jes\u00fas L\u00f3pez L\u00f3pez,&nbsp;integrante de la Sala de Justicia Ind\u00edgena y Quinta Sala Penal Colegiada; la coordinadora administrativa del Sistema Acusatorio, Cristina Espinosa Rojas; el visitador general, Ra\u00fal Oswaldo Bernal Flores; el secretario ejecutivo del Consejo de la Judicatura,&nbsp;Jes\u00fas&nbsp;Ezequiel Garc\u00eda L\u00f3pez&nbsp;y&nbsp;la directora de Planeaci\u00f3n e Inform\u00e1tica,&nbsp;Claudia Barrag\u00e1n \u00c1vila.<\/p>\n","protected":false},"excerpt":{"rendered":"<p>Redacci\u00f3n\/Zona Roja. Oaxaca de Ju\u00e1rez, Oax., a 13 de agosto de 2022.- La Oficina de&hellip;<\/p>\n","protected":false},"author":2,"featured_media":44566,"comment_status":"closed","ping_status":"open","sticky":false,"template":"","format":"standard","meta":{"_lmt_disableupdate":"","_lmt_disable":"","_jetpack_memberships_contains_paid_content":false,"footnotes":""},"categories":[109,46],"tags":[223],"class_list":["post-44568","post","type-post","status-publish","format-standard","has-post-thumbnail","hentry","category-minuto-a-minuto","category-zona-blanca","tag-poder-judicial-de-oaxaca"],"jetpack_featured_media_url":"https:\/\/zonaroja.com.mx\/wp-content\/uploads\/2022\/08\/Poder-Judicial-Oaxaca-.jpg","jetpack_sharing_enabled":true,"_links":{"self":[{"href":"https:\/\/zonaroja.com.mx\/index.php?rest_route=\/wp\/v2\/posts\/44568","targetHints":{"allow":["GET"]}}],"collection":[{"href":"https:\/\/zonaroja.com.mx\/index.php?rest_route=\/wp\/v2\/posts"}],"about":[{"href":"https:\/\/zonaroja.com.mx\/index.php?rest_route=\/wp\/v2\/types\/post"}],"author":[{"embeddable":true,"href":"https:\/\/zonaroja.com.mx\/index.php?rest_route=\/wp\/v2\/users\/2"}],"replies":[{"embeddable":true,"href":"https:\/\/zonaroja.com.mx\/index.php?rest_route=%2Fwp%2Fv2%2Fcomments&post=44568"}],"version-history":[{"count":1,"href":"https:\/\/zonaroja.com.mx\/index.php?rest_route=\/wp\/v2\/posts\/44568\/revisions"}],"predecessor-version":[{"id":44569,"href":"https:\/\/zonaroja.com.mx\/index.php?rest_route=\/wp\/v2\/posts\/44568\/revisions\/44569"}],"wp:featuredmedia":[{"embeddable":true,"href":"https:\/\/zonaroja.com.mx\/index.php?rest_route=\/wp\/v2\/media\/44566"}],"wp:attachment":[{"href":"https:\/\/zonaroja.com.mx\/index.php?rest_route=%2Fwp%2Fv2%2Fmedia&parent=44568"}],"wp:term":[{"taxonomy":"category","embeddable":true,"href":"https:\/\/zonaroja.com.mx\/index.php?rest_route=%2Fwp%2Fv2%2Fcategories&post=44568"},{"taxonomy":"post_tag","embeddable":true,"href":"https:\/\/zonaroja.com.mx\/index.php?rest_route=%2Fwp%2Fv2%2Ftags&post=44568"}],"curies":[{"name":"wp","href":"https:\/\/api.w.org\/{rel}","templated":true}]}}