{"id":44572,"date":"2022-08-13T07:24:38","date_gmt":"2022-08-13T12:24:38","guid":{"rendered":"http:\/\/www.zonaroja.com.mx\/?p=44572"},"modified":"2022-08-13T07:24:40","modified_gmt":"2022-08-13T12:24:40","slug":"narcoterrorismo-ahora-en-baja-california-y-de-nuevo-en-guanajuato","status":"publish","type":"post","link":"https:\/\/zonaroja.com.mx\/?p=44572","title":{"rendered":"\u201cNarcoterrorismo\u201d ahora en Baja California y de nuevo en Guanajuato"},"content":{"rendered":"\n<p>Redacci\u00f3n\/Zona Roja Cdmx.<\/p>\n\n\n\n<p>Ciudad de M\u00e9xico, 13 de agosto de 2022.- Tras hechos violentos causados por el crimen organizado en Jalisco y Guanajuato, el \u201cnarcoterrorismo\u201d abarc\u00f3 ahora en Baja California y se repiti\u00f3 en la entidad guanajuatense.<\/p>\n\n\n\n<p>Al menos 17 veh\u00edculos del transporte p\u00fablico y privado fueron incendiados la tarde y noche de ayer en Tijuana, Mexicali, Ensenada y Rosarito, presuntamente para exigir la liberaci\u00f3n de integrantes del C\u00e1rtel de Jalisco Nueva Generaci\u00f3n (CJNG).&nbsp;<\/p>\n\n\n\n<p>En varias de las avenidas principales de Mexicali se registraron balaceras y gente enmascarada intercept\u00f3 camiones urbanos de pasajeros bajando a la poblaci\u00f3n, sin da\u00f1arla, para luego prender fuego a las unidades. Tampoco les robaron sus pertenencias, seg\u00fan informaci\u00f3n de la agencia \u201cProceso\u201d.<\/p>\n\n\n\n<p>En internet, circula un mensaje firmado por el CJNG en el que advierte que a partir de las 10 de la noche detendr\u00e1n a la gente que ande circulando y todo en demanda de la liberaci\u00f3n de integrantes de ese grupo criminal, aunque no aclaran si se refiere a detenidos en esta entidad o en otras partes del pa\u00eds o si tiene relaci\u00f3n alguna con los hechos ocurridos en Jalisco y Guanajuato.<\/p>\n\n\n\n<p>De acuerdo con la Mesa de Seguridad, se registraron ocho unidades incendiadas en Tijuana; cinco en Tecate; tres en Ensenada, y una en Mexicali, detalla \u201cProceso\u201d.&nbsp;<\/p>\n\n\n\n<p>El reporte preliminar se\u00f1ala que en Tijuana al menos seis taxis fueron incendiados para bloquear vialidades transitadas, en algunos casos bajaron solamente al chofer y en otros tambi\u00e9n a los pasajeros, sin que fueran asaltados.&nbsp;<\/p>\n\n\n\n<p>En Tecate, los primeros datos arrojan que fueron dos camiones de carga los prendidos en llamas de manera intencional, uno de ellos sobre la carretera Tijuana-Tecate.<\/p>\n\n\n\n<figure class=\"wp-block-embed is-type-rich is-provider-twitter wp-block-embed-twitter\"><div class=\"wp-block-embed__wrapper\">\n<div class=\"twitter-tweet\"><blockquote class=\"twitter-tweet\" data-lang=\"es\"><p lang=\"es\" dir=\"ltr\"><a href=\"https:\/\/twitter.com\/hashtag\/%C3%9AltimoMinuto?src=hash&amp;ref_src=twsrc%5Etfw\">#\u00daltimoMinuto<\/a> <br>La ola de \u201cnarcoterror\u201d se traslada ahora a Baja California. <br>Reportan bloqueos y quema de unidades de transporte p\u00fablico de manera simult\u00e1nea en Ensenada, Mexicali y Tijuana.<br>Tambi\u00e9n en el estado de Guanajuato se registran m\u00e1s hechos violentos. <a href=\"https:\/\/t.co\/1ODTLVGmxQ\">pic.twitter.com\/1ODTLVGmxQ<\/a><\/p>&mdash; Zona Roja Oaxaca (@ZonaRoja_Oaxaca) <a href=\"https:\/\/twitter.com\/ZonaRoja_Oaxaca\/status\/1558291261194285056?ref_src=twsrc%5Etfw\">13 de agosto de 2022<\/a><\/blockquote><\/div>\n<\/div><\/figure>\n\n\n\n<p>En Ensenada, cerraron la carretera libre Tecate hacia el Valle de Guadalupe ante la amenaza que se registren situaciones similares a las de las otras ciudades del estado; en la comunidad de El Sauzal se prendi\u00f3 fuego a un cami\u00f3n.<\/p>\n\n\n\n<p>De acuerdo con el semanario \u201cZeta\u201d, tres veh\u00edculos m\u00e1s fueron incendiados en Playas de Rosarito, sin reporte de lesionados.<\/p>\n\n\n\n<p>Y EN GUANAJUATO<\/p>\n\n\n\n<p>Mientras tanto, un nuevo escenario de quema de veh\u00edculos se vivi\u00f3 este viernes por la tarde en algunos municipios de la regi\u00f3n Laja-Baj\u00edo, entre Celaya, Juventino Rosas y Comonfort, as\u00ed como en Salvatierra.<\/p>\n\n\n\n<p>Algunos de esos hechos ocurrieron despu\u00e9s de un enfrentamiento entre civiles fuertemente armados y polic\u00edas estatales en territorio celayense, de acuerdo con testimonios, rese\u00f1a la informaci\u00f3n de \u201cProceso\u201d.<\/p>\n\n\n\n<p>Los civiles utilizaron artefactos \u201cponcha llantas\u201d para impedir que las unidades de la polic\u00eda estatal los persiguiera, pero tambi\u00e9n se intercambiaron disparos.<\/p>\n\n\n\n<p>Posteriormente, fueron quemados algunos veh\u00edculos; una camioneta pick up en una colonia de Juventino Rosas, mientras que en la carretera de la comunidad Empalme Escobedo a Comonfort fueron incendiados un veh\u00edculo Jeep y algunas llantas.<\/p>\n\n\n\n<p>En Salvatierra, desde las siete de la noche se desataron ataques similares, en los que personas desconocidas prendieron fuego a por lo menos cuatro veh\u00edculos en distintos puntos: la antigua carretera a Ac\u00e1mbaro, la unidad habitacional 9 de diciembre, as\u00ed como en las colonias Guanajuato y El Para\u00edso.<\/p>\n","protected":false},"excerpt":{"rendered":"<p>Redacci\u00f3n\/Zona Roja Cdmx. Ciudad de M\u00e9xico, 13 de agosto de 2022.- Tras hechos violentos causados&hellip;<\/p>\n","protected":false},"author":2,"featured_media":44573,"comment_status":"closed","ping_status":"open","sticky":false,"template":"","format":"standard","meta":{"_lmt_disableupdate":"","_lmt_disable":"","_jetpack_memberships_contains_paid_content":false,"footnotes":""},"categories":[109,47],"tags":[1746],"class_list":["post-44572","post","type-post","status-publish","format-standard","has-post-thumbnail","hentry","category-minuto-a-minuto","category-zona-gris","tag-violencia-en-mexico"],"jetpack_featured_media_url":"https:\/\/zonaroja.com.mx\/wp-content\/uploads\/2022\/08\/Incendio-de-vehiculos-Baja-California.jpg","jetpack_sharing_enabled":true,"_links":{"self":[{"href":"https:\/\/zonaroja.com.mx\/index.php?rest_route=\/wp\/v2\/posts\/44572","targetHints":{"allow":["GET"]}}],"collection":[{"href":"https:\/\/zonaroja.com.mx\/index.php?rest_route=\/wp\/v2\/posts"}],"about":[{"href":"https:\/\/zonaroja.com.mx\/index.php?rest_route=\/wp\/v2\/types\/post"}],"author":[{"embeddable":true,"href":"https:\/\/zonaroja.com.mx\/index.php?rest_route=\/wp\/v2\/users\/2"}],"replies":[{"embeddable":true,"href":"https:\/\/zonaroja.com.mx\/index.php?rest_route=%2Fwp%2Fv2%2Fcomments&post=44572"}],"version-history":[{"count":1,"href":"https:\/\/zonaroja.com.mx\/index.php?rest_route=\/wp\/v2\/posts\/44572\/revisions"}],"predecessor-version":[{"id":44577,"href":"https:\/\/zonaroja.com.mx\/index.php?rest_route=\/wp\/v2\/posts\/44572\/revisions\/44577"}],"wp:featuredmedia":[{"embeddable":true,"href":"https:\/\/zonaroja.com.mx\/index.php?rest_route=\/wp\/v2\/media\/44573"}],"wp:attachment":[{"href":"https:\/\/zonaroja.com.mx\/index.php?rest_route=%2Fwp%2Fv2%2Fmedia&parent=44572"}],"wp:term":[{"taxonomy":"category","embeddable":true,"href":"https:\/\/zonaroja.com.mx\/index.php?rest_route=%2Fwp%2Fv2%2Fcategories&post=44572"},{"taxonomy":"post_tag","embeddable":true,"href":"https:\/\/zonaroja.com.mx\/index.php?rest_route=%2Fwp%2Fv2%2Ftags&post=44572"}],"curies":[{"name":"wp","href":"https:\/\/api.w.org\/{rel}","templated":true}]}}