{"id":44578,"date":"2022-08-13T07:49:39","date_gmt":"2022-08-13T12:49:39","guid":{"rendered":"http:\/\/www.zonaroja.com.mx\/?p=44578"},"modified":"2022-08-13T07:49:41","modified_gmt":"2022-08-13T12:49:41","slug":"suman-cuatro-personas-asesinadas-el-viernes-en-oaxaca","status":"publish","type":"post","link":"https:\/\/zonaroja.com.mx\/?p=44578","title":{"rendered":"Suman cuatro personas asesinadas el viernes en Oaxaca"},"content":{"rendered":"\n<p>Ismael Garc\u00eda M.\/Zona Roja.<\/p>\n\n\n\n<p>Oaxaca de Ju\u00e1rez, Oax., a 13 de agosto de 2022.- A cuatro ascendi\u00f3 el numero de personas asesinadas ayer en Oaxaca, tres de ellas en la regi\u00f3n del Istmo de Tehuantepec y una en Valles Centrales.<\/p>\n\n\n\n<p>Anoche, en el tramo carretero de La Venta a Uni\u00f3n Hidalgo, en jurisdicci\u00f3n de este \u00faltimo municipio istme\u00f1o, fueron ultimados dos individuos que se trasladaban a bordo de una motocicleta.<\/p>\n\n\n\n<p>Hasta este momento no han sido identificadas las v\u00edctimas del ataque armado y la Vicefiscal\u00eda Regional del Istmo inici\u00f3 las indagatoria.<\/p>\n\n\n\n<p>Por la ma\u00f1ana, en el municipio de Santa Maria Mixtequilla, fue asesinada a balazos una mujer en el interior de su domicilio; fue identificada como M\u00f3nica J. V.<\/p>\n\n\n\n<p>Mientras que por la ma\u00f1ana, en la calle Cosijoeza de la ciudad de Oaxaca, en la parte sur de la Central de Abasto, fue ultimado a golpes un individuo, presuntamente en situaci\u00f3n de calle.<\/p>\n\n\n\n<p>Por otra parte, ayer fue identificada la v\u00edctima cuyo cuerpo fue localizado el jueves en un arroyo de San Juan Bautista Tuxtepec.<\/p>\n\n\n\n<p>Se trata de Felipe P. F., de unos 55 a\u00f1os de edad, quien presentaba varios impactos de arma de fuego y fue reportado como desaparecido desde el pasado martes 9 de agosto.<\/p>\n","protected":false},"excerpt":{"rendered":"<p>Ismael Garc\u00eda M.\/Zona Roja. Oaxaca de Ju\u00e1rez, Oax., a 13 de agosto de 2022.- A&hellip;<\/p>\n","protected":false},"author":2,"featured_media":15591,"comment_status":"closed","ping_status":"open","sticky":false,"template":"","format":"standard","meta":{"_lmt_disableupdate":"","_lmt_disable":"","_jetpack_memberships_contains_paid_content":false,"footnotes":""},"categories":[109,51],"tags":[279],"class_list":["post-44578","post","type-post","status-publish","format-standard","has-post-thumbnail","hentry","category-minuto-a-minuto","category-zona-roja","tag-union-hidalgo"],"jetpack_featured_media_url":"https:\/\/zonaroja.com.mx\/wp-content\/uploads\/2020\/07\/Escena-del-crimen-8.jpg","jetpack_sharing_enabled":true,"_links":{"self":[{"href":"https:\/\/zonaroja.com.mx\/index.php?rest_route=\/wp\/v2\/posts\/44578","targetHints":{"allow":["GET"]}}],"collection":[{"href":"https:\/\/zonaroja.com.mx\/index.php?rest_route=\/wp\/v2\/posts"}],"about":[{"href":"https:\/\/zonaroja.com.mx\/index.php?rest_route=\/wp\/v2\/types\/post"}],"author":[{"embeddable":true,"href":"https:\/\/zonaroja.com.mx\/index.php?rest_route=\/wp\/v2\/users\/2"}],"replies":[{"embeddable":true,"href":"https:\/\/zonaroja.com.mx\/index.php?rest_route=%2Fwp%2Fv2%2Fcomments&post=44578"}],"version-history":[{"count":1,"href":"https:\/\/zonaroja.com.mx\/index.php?rest_route=\/wp\/v2\/posts\/44578\/revisions"}],"predecessor-version":[{"id":44579,"href":"https:\/\/zonaroja.com.mx\/index.php?rest_route=\/wp\/v2\/posts\/44578\/revisions\/44579"}],"wp:featuredmedia":[{"embeddable":true,"href":"https:\/\/zonaroja.com.mx\/index.php?rest_route=\/wp\/v2\/media\/15591"}],"wp:attachment":[{"href":"https:\/\/zonaroja.com.mx\/index.php?rest_route=%2Fwp%2Fv2%2Fmedia&parent=44578"}],"wp:term":[{"taxonomy":"category","embeddable":true,"href":"https:\/\/zonaroja.com.mx\/index.php?rest_route=%2Fwp%2Fv2%2Fcategories&post=44578"},{"taxonomy":"post_tag","embeddable":true,"href":"https:\/\/zonaroja.com.mx\/index.php?rest_route=%2Fwp%2Fv2%2Ftags&post=44578"}],"curies":[{"name":"wp","href":"https:\/\/api.w.org\/{rel}","templated":true}]}}