{"id":44580,"date":"2022-08-13T07:57:54","date_gmt":"2022-08-13T12:57:54","guid":{"rendered":"http:\/\/www.zonaroja.com.mx\/?p=44580"},"modified":"2022-08-13T07:57:56","modified_gmt":"2022-08-13T12:57:56","slug":"detienen-en-oaxaca-a-individuo-acusado-de-homicidio-en-baja-california","status":"publish","type":"post","link":"https:\/\/zonaroja.com.mx\/?p=44580","title":{"rendered":"Detienen en Oaxaca a individuo acusado de homicidio en Baja California"},"content":{"rendered":"\n<p>Redacci\u00f3n\/Zona Roja.<\/p>\n\n\n\n<p>Oaxaca de Ju\u00e1rez, Oax., a 13 de agosto de 2022.- La Fiscal\u00eda General del Estado de Oaxaca (FGEO) dio cumplimiento a la orden de aprehensi\u00f3n correspondiente contra la persona del sexo masculino identificada como G. S. H. alias \u201cEl Gil\u201d, probable responsable del delito de homicidio calificado con ventaja en grado de tentativa en agravio de J. G. G., cometido en el Estado de Baja California.<\/p>\n\n\n\n<p>Elementos de la Agencia Estatal de Investigaciones adscritos a la Vicefiscal\u00eda Regional de la Costa lograron la aprehensi\u00f3n del probable responsable el pasado mi\u00e9rcoles 10 de agosto, en inmediaciones del parque municipal de Santiago Jamiltepec, dando cumplimiento a la orden de aprehensi\u00f3n asentada en la causa penal 5370\/2021, librada por el Juez de Control de Partido Judicial de Mexicali, Baja California.<\/p>\n\n\n\n<p>Los hechos que se le imputan al probable responsable ocurrieron el 24 de octubre de 2021, cuando agredi\u00f3 con disparos de arma de fuego a la v\u00edctima, infligiendo heridas que pusieron en riesgo su vida, cuando se encontraba en el interior de su domicilio ubicado en el fraccionamiento Valle de Puebla, en la ciudad de Mexicali, Baja California.<\/p>\n\n\n\n<p>El probable responsable fue asegurado por la FGEO y presentado ante la autoridad judicial de la Costa para su certificaci\u00f3n m\u00e9dica correspondiente y tr\u00e1mites subsecuentes, para posteriormente ser trasladado y puesto a disposici\u00f3n de las autoridades de Baja California.<\/p>\n\n\n\n<p>La Fiscal\u00eda General colabora activamente con Instituciones de seguridad y procuraci\u00f3n de justicia de la Federaci\u00f3n para dar con el paradero de responsables de delitos.<\/p>\n\n\n\n<p>FORMALMENTE PRESO<\/p>\n\n\n\n<p>En otro caso, la Fiscal\u00eda General del Estado de Oaxaca (FGEO) obtuvo auto de formal prisi\u00f3n contra de la persona del sexo masculino identificada como E. M. L., probable responsable del delito de homicidio con la agravante de ventaja, en contra de P. S. H. B., quien se desempe\u00f1aba como elemento de la AEI, cometido en enero de 2006, en jurisdicci\u00f3n de Santa Mar\u00eda del Tule, en la regi\u00f3n de Valles Centrales.<\/p>\n\n\n\n<p>De acuerdo con el expediente penal 03\/2006, el 1 de enero de 2006, el inculpado probablemente priv\u00f3 de la vida con disparos de arma de fuego al elemento de la polic\u00eda investigadora en inmediaciones de Santa Mar\u00eda del Tule.<\/p>\n\n\n\n<p>La aprehensi\u00f3n del probable homicida se logr\u00f3 el pasado 4 de agosto del a\u00f1o en curso, gracias a una exhaustiva labor de investigaci\u00f3n y trabajos de inteligencia entre la FGEO, en colaboraci\u00f3n con la Coordinaci\u00f3n Nacional Antisecuestro (CONASE) y la Secretar\u00eda de Seguridad y Protecci\u00f3n Ciudadana (SSPC), dando cumplimiento a la orden de cateo asentada en el cuadernillo de antecedente 228\/2022.<\/p>\n\n\n\n<p>Tras la captura del imputado, la Fiscal\u00eda lo present\u00f3 ante las autoridades correspondientes. En audiencia, el Juez en turno dict\u00f3 auto de formal prisi\u00f3n contra E. M. L.&nbsp;<\/p>\n\n\n\n<p>La Fiscal\u00eda de Oaxaca garantiza investigaciones exhaustivas ante delitos perpetrados contra elementos de nuestra polic\u00eda investigadora, aplicando sin distingo todo el rigor de la Ley a los responsables.<\/p>\n","protected":false},"excerpt":{"rendered":"<p>Redacci\u00f3n\/Zona Roja. Oaxaca de Ju\u00e1rez, Oax., a 13 de agosto de 2022.- La Fiscal\u00eda General&hellip;<\/p>\n","protected":false},"author":2,"featured_media":44581,"comment_status":"closed","ping_status":"open","sticky":false,"template":"","format":"standard","meta":{"_lmt_disableupdate":"","_lmt_disable":"","_jetpack_memberships_contains_paid_content":false,"footnotes":""},"categories":[109,46],"tags":[494],"class_list":["post-44580","post","type-post","status-publish","format-standard","has-post-thumbnail","hentry","category-minuto-a-minuto","category-zona-blanca","tag-fiscalia-general-del-estado-de-oaxaca"],"jetpack_featured_media_url":"https:\/\/zonaroja.com.mx\/wp-content\/uploads\/2022\/08\/Detenido-Fiscalia-homicida-Baja-California.jpg","jetpack_sharing_enabled":true,"_links":{"self":[{"href":"https:\/\/zonaroja.com.mx\/index.php?rest_route=\/wp\/v2\/posts\/44580","targetHints":{"allow":["GET"]}}],"collection":[{"href":"https:\/\/zonaroja.com.mx\/index.php?rest_route=\/wp\/v2\/posts"}],"about":[{"href":"https:\/\/zonaroja.com.mx\/index.php?rest_route=\/wp\/v2\/types\/post"}],"author":[{"embeddable":true,"href":"https:\/\/zonaroja.com.mx\/index.php?rest_route=\/wp\/v2\/users\/2"}],"replies":[{"embeddable":true,"href":"https:\/\/zonaroja.com.mx\/index.php?rest_route=%2Fwp%2Fv2%2Fcomments&post=44580"}],"version-history":[{"count":1,"href":"https:\/\/zonaroja.com.mx\/index.php?rest_route=\/wp\/v2\/posts\/44580\/revisions"}],"predecessor-version":[{"id":44582,"href":"https:\/\/zonaroja.com.mx\/index.php?rest_route=\/wp\/v2\/posts\/44580\/revisions\/44582"}],"wp:featuredmedia":[{"embeddable":true,"href":"https:\/\/zonaroja.com.mx\/index.php?rest_route=\/wp\/v2\/media\/44581"}],"wp:attachment":[{"href":"https:\/\/zonaroja.com.mx\/index.php?rest_route=%2Fwp%2Fv2%2Fmedia&parent=44580"}],"wp:term":[{"taxonomy":"category","embeddable":true,"href":"https:\/\/zonaroja.com.mx\/index.php?rest_route=%2Fwp%2Fv2%2Fcategories&post=44580"},{"taxonomy":"post_tag","embeddable":true,"href":"https:\/\/zonaroja.com.mx\/index.php?rest_route=%2Fwp%2Fv2%2Ftags&post=44580"}],"curies":[{"name":"wp","href":"https:\/\/api.w.org\/{rel}","templated":true}]}}