{"id":44585,"date":"2022-08-13T11:05:00","date_gmt":"2022-08-13T16:05:00","guid":{"rendered":"http:\/\/www.zonaroja.com.mx\/?p=44585"},"modified":"2022-08-13T08:06:39","modified_gmt":"2022-08-13T13:06:39","slug":"suman-seis-bomberos-muertos-en-cuba-tras-incendio-sofocan-siniestro","status":"publish","type":"post","link":"https:\/\/zonaroja.com.mx\/?p=44585","title":{"rendered":"Suman seis bomberos muertos en Cuba tras incendio; sofocan siniestro"},"content":{"rendered":"\n<p>Redacci\u00f3n\/Zona Roja Cdmx.<\/p>\n\n\n\n<p>Ciudad de M\u00e9xico, a 13 de agosto de 2022.- Especialistas encontraron ayer restos \u00f3seos de cuatro personas v\u00edctimas del incendio en la Divisi\u00f3n Territorial de Comercializaci\u00f3n de Combustibles Matanzas, al oeste de Cuba, por lo que se confirma que en el siniestro al menos seis bomberos perdieron la vida y caus\u00f3 heridas a otras 132 personas, informaron autoridades de la isla.<\/p>\n\n\n\n<p>La b\u00fasqueda de las v\u00edctimas del siniestro comenz\u00f3 esta jornada con siete equipos de medicina legal y otras especialidades, quienes intervinieron en dos de los cuatro pol\u00edgonos definidos para la tarea, dijo el ministro de Salud P\u00fablica, Jos\u00e9 \u00c1ngel Portal. Los grupos de trabajo iniciaron su labor cerca de las 7:30 horas locales, minutos despu\u00e9s de que se declar\u00f3 extinto el siniestro.<\/p>\n\n\n\n<p>El segundo jefe del Departamento de Extinci\u00f3n del Cuerpo de Bomberos de Cuba, Alex\u00e1nder \u00c1valo, expres\u00f3 en el encuentro que, no obstante, se mantiene total vigilancia sobre el lugar, a partir de la posibilidad de que resurjan nuevos focos, por el combustible derramado y las altas temperaturas.<\/p>\n\n\n\n<p>La presidencia cubana indic\u00f3 que durante una reuni\u00f3n encabezada por el mandatario Miguel D\u00edaz-Canel ayer, los expertos se\u00f1alaron que se hab\u00eda producido la \u201cliquidaci\u00f3n\u201d del fuego, aunque se mantiene la vigilancia.<\/p>\n\n\n\n<p>Jos\u00e9 \u00c1ngel Portal ratific\u00f3 que se mantienen 22 personas hospitalizadas, de ellas cuatro en estado de salud cr\u00edtico, tres graves y 16 en terapia media; agreg\u00f3 que hasta el momento no se reportan personas con afecciones respiratorias en las provincias cercanas al siniestro, ante la emanaci\u00f3n de humo durante varios d\u00edas.<\/p>\n\n\n\n<p>D\u00edaz-Canel precis\u00f3 la necesidad de asegurar el suministro de agua y el trabajo escalonado en los ciclos de mantenimiento y entrada de las generadoras de energ\u00eda en la isla.<\/p>\n\n\n\n<p>El gobernador de Matanzas, Mario Sabines, agradeci\u00f3 el apoyo y solidaridad recibidas, y se\u00f1al\u00f3 como muestra de ello el m\u00e1s de un centenar de donaciones y alrededor de 830 mil pesos enviados por distintas v\u00edas. El embajador de M\u00e9xico en Cuba, Miguel D\u00edaz, destac\u00f3 la rapidez y coordinaci\u00f3n de ambos pa\u00edses en las acciones de enfrentamiento al incendio en la base de crudo de esta ciudad.<\/p>\n\n\n\n<p>Este fin de semana se avanzar\u00e1 en la recuperaci\u00f3n de la zona industrial da\u00f1ada, el monitoreo ambiental, restablecer la vitalidad en la log\u00edstica del combustible y la generaci\u00f3n de energ\u00eda, as\u00ed como la b\u00fasqueda de las dem\u00e1s v\u00edctimas.<\/p>\n\n\n\n<p>(Informaci\u00f3n de agencias en \u201cLa Jornada\u201d)<\/p>\n","protected":false},"excerpt":{"rendered":"<p>Redacci\u00f3n\/Zona Roja Cdmx. Ciudad de M\u00e9xico, a 13 de agosto de 2022.- Especialistas encontraron ayer&hellip;<\/p>\n","protected":false},"author":2,"featured_media":44328,"comment_status":"closed","ping_status":"open","sticky":false,"template":"","format":"standard","meta":{"_lmt_disableupdate":"","_lmt_disable":"","_jetpack_memberships_contains_paid_content":false,"footnotes":""},"categories":[109,47],"tags":[3221],"class_list":["post-44585","post","type-post","status-publish","format-standard","has-post-thumbnail","hentry","category-minuto-a-minuto","category-zona-gris","tag-incendio-planta-cuba"],"jetpack_featured_media_url":"https:\/\/zonaroja.com.mx\/wp-content\/uploads\/2022\/08\/Incendio-Matanza-Cuba.jpg","jetpack_sharing_enabled":true,"_links":{"self":[{"href":"https:\/\/zonaroja.com.mx\/index.php?rest_route=\/wp\/v2\/posts\/44585","targetHints":{"allow":["GET"]}}],"collection":[{"href":"https:\/\/zonaroja.com.mx\/index.php?rest_route=\/wp\/v2\/posts"}],"about":[{"href":"https:\/\/zonaroja.com.mx\/index.php?rest_route=\/wp\/v2\/types\/post"}],"author":[{"embeddable":true,"href":"https:\/\/zonaroja.com.mx\/index.php?rest_route=\/wp\/v2\/users\/2"}],"replies":[{"embeddable":true,"href":"https:\/\/zonaroja.com.mx\/index.php?rest_route=%2Fwp%2Fv2%2Fcomments&post=44585"}],"version-history":[{"count":1,"href":"https:\/\/zonaroja.com.mx\/index.php?rest_route=\/wp\/v2\/posts\/44585\/revisions"}],"predecessor-version":[{"id":44586,"href":"https:\/\/zonaroja.com.mx\/index.php?rest_route=\/wp\/v2\/posts\/44585\/revisions\/44586"}],"wp:featuredmedia":[{"embeddable":true,"href":"https:\/\/zonaroja.com.mx\/index.php?rest_route=\/wp\/v2\/media\/44328"}],"wp:attachment":[{"href":"https:\/\/zonaroja.com.mx\/index.php?rest_route=%2Fwp%2Fv2%2Fmedia&parent=44585"}],"wp:term":[{"taxonomy":"category","embeddable":true,"href":"https:\/\/zonaroja.com.mx\/index.php?rest_route=%2Fwp%2Fv2%2Fcategories&post=44585"},{"taxonomy":"post_tag","embeddable":true,"href":"https:\/\/zonaroja.com.mx\/index.php?rest_route=%2Fwp%2Fv2%2Ftags&post=44585"}],"curies":[{"name":"wp","href":"https:\/\/api.w.org\/{rel}","templated":true}]}}