{"id":44592,"date":"2022-08-13T20:54:04","date_gmt":"2022-08-14T01:54:04","guid":{"rendered":"http:\/\/www.zonaroja.com.mx\/?p=44592"},"modified":"2022-08-13T20:54:06","modified_gmt":"2022-08-14T01:54:06","slug":"cinco-anos-despues-siguen-sin-cumplir-a-damnificados-del-sismo-protestaran","status":"publish","type":"post","link":"https:\/\/zonaroja.com.mx\/?p=44592","title":{"rendered":"Cinco a\u00f1os despu\u00e9s, siguen sin cumplir a damnificados del sismo; protestar\u00e1n"},"content":{"rendered":"\n<p>Yuridiana Sosa\/Zona Roja.<\/p>\n\n\n\n<p>Oaxaca de Ju\u00e1rez, Oax., a 13 de agosto de 2022.- Para exigir la entrega de recursos destinados a los afectados del sismo en septiembre de 2017, la Asamblea de los Damnificados acordaron iniciar bloqueos indefinidos en la regi\u00f3n del Istmo.<\/p>\n\n\n\n<p>Los ciudadanos que forman parte del segundo censo manifestaron, durante la reuni\u00f3n, su inconformidad por el incumplimiento del Gobierno del Estado, que s\u00f3lo ha aplazado la atenci\u00f3n para entregar el apoyo destinado a esta causa.<\/p>\n\n\n\n<p>La movilizaci\u00f3n qued\u00f3 programada para iniciar el pr\u00f3ximo mi\u00e9rcoles 17 de agosto en el punto conocido como \u201cEl Caracol\u201d, en el municipio de Tehuantepec, donde permanecer\u00e1n de manera indefinida, hasta lograr los recursos.<\/p>\n\n\n\n<p>El temor y enojo de los damnificados crece ante la terminaci\u00f3n del sexenio estatal el pr\u00f3ximo 30 de noviembre, mientras que durante m\u00e1s de cuatro a\u00f1os han sido omisos a pesar de las diferentes exigencias de los pobladores.<\/p>\n\n\n\n<p>&nbsp;Por otra parte, los sorgueros de la regi\u00f3n del Istmo tambi\u00e9n anunciaron movilizaciones para exigir a la Secretar\u00eda General de Gobierno que cumpla con la entrega de recursos, mismos que mantienen un atraso de varios a\u00f1os.<\/p>\n\n\n\n<p>Ante las anteriores protestas previo a la Guelaguetza y las amenazas de hacerlo durante esta celebraci\u00f3n, el gobierno del estado se comprometi\u00f3 a cumplir para inicios de agosto, pero hasta el momento la dependencia no se ha comunicado para fijar la entrega.<\/p>\n\n\n\n<p>La movilizaci\u00f3n, en la que contemplan bloqueos, est\u00e1 programada para iniciar a partir del pr\u00f3ximo mi\u00e9rcoles, de acuerdo medios locales de la regi\u00f3n del Istmo.&nbsp;<\/p>\n","protected":false},"excerpt":{"rendered":"<p>Yuridiana Sosa\/Zona Roja. Oaxaca de Ju\u00e1rez, Oax., a 13 de agosto de 2022.- Para exigir&hellip;<\/p>\n","protected":false},"author":2,"featured_media":7314,"comment_status":"closed","ping_status":"open","sticky":false,"template":"","format":"standard","meta":{"_lmt_disableupdate":"","_lmt_disable":"","_jetpack_memberships_contains_paid_content":false,"footnotes":""},"categories":[109,47],"tags":[],"class_list":["post-44592","post","type-post","status-publish","format-standard","has-post-thumbnail","hentry","category-minuto-a-minuto","category-zona-gris"],"jetpack_featured_media_url":"https:\/\/zonaroja.com.mx\/wp-content\/uploads\/2020\/01\/Sismo-Istmo-4ene-2.jpg","jetpack_sharing_enabled":true,"_links":{"self":[{"href":"https:\/\/zonaroja.com.mx\/index.php?rest_route=\/wp\/v2\/posts\/44592","targetHints":{"allow":["GET"]}}],"collection":[{"href":"https:\/\/zonaroja.com.mx\/index.php?rest_route=\/wp\/v2\/posts"}],"about":[{"href":"https:\/\/zonaroja.com.mx\/index.php?rest_route=\/wp\/v2\/types\/post"}],"author":[{"embeddable":true,"href":"https:\/\/zonaroja.com.mx\/index.php?rest_route=\/wp\/v2\/users\/2"}],"replies":[{"embeddable":true,"href":"https:\/\/zonaroja.com.mx\/index.php?rest_route=%2Fwp%2Fv2%2Fcomments&post=44592"}],"version-history":[{"count":1,"href":"https:\/\/zonaroja.com.mx\/index.php?rest_route=\/wp\/v2\/posts\/44592\/revisions"}],"predecessor-version":[{"id":44593,"href":"https:\/\/zonaroja.com.mx\/index.php?rest_route=\/wp\/v2\/posts\/44592\/revisions\/44593"}],"wp:featuredmedia":[{"embeddable":true,"href":"https:\/\/zonaroja.com.mx\/index.php?rest_route=\/wp\/v2\/media\/7314"}],"wp:attachment":[{"href":"https:\/\/zonaroja.com.mx\/index.php?rest_route=%2Fwp%2Fv2%2Fmedia&parent=44592"}],"wp:term":[{"taxonomy":"category","embeddable":true,"href":"https:\/\/zonaroja.com.mx\/index.php?rest_route=%2Fwp%2Fv2%2Fcategories&post=44592"},{"taxonomy":"post_tag","embeddable":true,"href":"https:\/\/zonaroja.com.mx\/index.php?rest_route=%2Fwp%2Fv2%2Ftags&post=44592"}],"curies":[{"name":"wp","href":"https:\/\/api.w.org\/{rel}","templated":true}]}}