{"id":44595,"date":"2022-08-14T06:04:36","date_gmt":"2022-08-14T11:04:36","guid":{"rendered":"http:\/\/www.zonaroja.com.mx\/?p=44595"},"modified":"2022-08-14T06:04:37","modified_gmt":"2022-08-14T11:04:37","slug":"presentan-segunda-edicion-del-cuaderno-civico-digital-del-ieepco","status":"publish","type":"post","link":"https:\/\/zonaroja.com.mx\/?p=44595","title":{"rendered":"Presentan segunda edici\u00f3n del \u201cCuaderno C\u00edvico Digital\u201d del IEEPCO"},"content":{"rendered":"\n<p>Redacci\u00f3n\/Zona Roja.<\/p>\n\n\n\n<p>Oaxaca de Ju\u00e1rez, Oax., 14 de agosto de 2022.- El Instituto Estatal Electoral y de Participaci\u00f3n Ciudadana de Oaxaca (IEEPCO) present\u00f3 la segunda edici\u00f3n del \u201cCuaderno C\u00edvico Digital\u201d, un espacio donde se comparten contenidos sobre el ejercicio del voto en contextos de precariedad, instituciones electorales, voto informado, participaci\u00f3n ciudadana, mecanismos de transparencia y rendici\u00f3n de cuentas, as\u00ed como derechos pol\u00edticos de las juventudes.&nbsp;<\/p>\n\n\n\n<p>Durante el acto, que se llev\u00f3 a cabo en la sala de sesiones y de manera virtual, la consejera electoral y presidenta de la Comisi\u00f3n de Educaci\u00f3n C\u00edvica y de Participaci\u00f3n Ciudadana, Carmelita Sibaja Ochoa, asegur\u00f3 que se trata de una iniciativa que busca crear un espacio para la ciudadan\u00eda mediante el cual pueda exponer sus ideas y compartir saberes acad\u00e9micos.&nbsp;<\/p>\n\n\n\n<p>En este sentido, invit\u00f3 a la ciudadan\u00eda a conocer este material el cual est\u00e1 disponible en el sitio web oficial del Instituto www.ieepco.org.mx y reiter\u00f3 sus agradecimientos a diversas autoridades electorales quienes se sumaron para participar con art\u00edculos y reflexiones en esta segunda edici\u00f3n.&nbsp;<\/p>\n\n\n\n<p>En tanto que, la consejera presidenta del IEEPCO, Elizabeth S\u00e1nchez Gonz\u00e1lez quien por motivos de agenda no pudo asistir al evento, env\u00edo un mensaje a la ciudadan\u00eda asegurando que el \u201cCuaderno C\u00edvico Digital\u201d es una respuesta a la ciudadan\u00eda para \u00abatender la demanda de contenidos digitales.<\/p>\n\n\n\n<p>\u201cAs\u00ed como para abrir un espacio p\u00fablico para la deliberaci\u00f3n de ideas, difusi\u00f3n de contenidos, saberes, experiencias y conocimientos de parte de un sector diverso de nuestra poblaci\u00f3n que abarca un espectro amplio desde reflexiones acad\u00e9micas, otras situadas en la experiencia electoral e incluso atravesadas por trayectorias de vida ind\u00edgenas, evidentemente, tambi\u00e9n de mujeres diversas\u00bb.&nbsp;<\/p>\n\n\n\n<p>Por su parte, la encargada de despacho de la Direcci\u00f3n Ejecutiva de Educaci\u00f3n C\u00edvica y Participaci\u00f3n Ciudadana, Luisa Rebeca Garza L\u00f3pez, reiter\u00f3 su agradecimiento a todas las personas que hicieron posible la materializaci\u00f3n de este mecanismo que, sin duda, fomenta la participaci\u00f3n ciudadana en nuestra entidad.&nbsp;<\/p>\n\n\n\n<p>Para esta segunda edici\u00f3n se recibieron un total de 23 art\u00edculos de los cuales tres fueron elaborados por diversos colectivos de la sociedad civil, mismos que fueron revisados y calificados por el comit\u00e9 editorial conformado para esta actividad, public\u00e1ndose un total de 22 textos que podr\u00e1n ser consultados en esta segunda edici\u00f3n.&nbsp; &nbsp;<\/p>\n\n\n\n<p>La presentaci\u00f3n del \u201cCuaderno C\u00edvico Digital\u201d cont\u00f3 con la distinguida presencia de las consejeras electorales Jessica Jazibe Hern\u00e1ndez Garc\u00eda y Nayma Enr\u00edquez Estrada; el consejero electoral, Alejandro Carrasco Sampedro; as\u00ed como las representaciones de los partidos pol\u00edticos del PRI, PUP, PRD, Nueva Alianza y Fuerza por M\u00e9xico Oaxaca.&nbsp;<\/p>\n\n\n\n<p>As\u00ed mismo estuvo presente la magistrada presidenta del Tribunal Electoral del Estado de Oaxaca, Elizabeth Bautista Velasco, y la magistrada del Tribunal Electoral de la Ciudad de M\u00e9xico, Martha Leticia Mercado Ram\u00edrez, as\u00ed como Jarumy Esmeralda M\u00e9ndez Reyes, Raziel Ortiz Miguel y Christian Cruz Mel\u00e9ndez, personas autoras de diferentes textos que ya est\u00e1n disponibles en la segunda edici\u00f3n del \u201cCuaderno C\u00edvico Digital\u201d.<\/p>\n","protected":false},"excerpt":{"rendered":"<p>Redacci\u00f3n\/Zona Roja. Oaxaca de Ju\u00e1rez, Oax., 14 de agosto de 2022.- El Instituto Estatal Electoral&hellip;<\/p>\n","protected":false},"author":2,"featured_media":44596,"comment_status":"closed","ping_status":"open","sticky":false,"template":"","format":"standard","meta":{"_lmt_disableupdate":"","_lmt_disable":"","_jetpack_memberships_contains_paid_content":false,"footnotes":""},"categories":[109,46],"tags":[2932],"class_list":["post-44595","post","type-post","status-publish","format-standard","has-post-thumbnail","hentry","category-minuto-a-minuto","category-zona-blanca","tag-instituto-estatal-electoral-y-de-participacion-ciudadana-de-oaxaca-ieepco"],"jetpack_featured_media_url":"https:\/\/zonaroja.com.mx\/wp-content\/uploads\/2022\/08\/Reunion-IEEPCO.jpg","jetpack_sharing_enabled":true,"_links":{"self":[{"href":"https:\/\/zonaroja.com.mx\/index.php?rest_route=\/wp\/v2\/posts\/44595","targetHints":{"allow":["GET"]}}],"collection":[{"href":"https:\/\/zonaroja.com.mx\/index.php?rest_route=\/wp\/v2\/posts"}],"about":[{"href":"https:\/\/zonaroja.com.mx\/index.php?rest_route=\/wp\/v2\/types\/post"}],"author":[{"embeddable":true,"href":"https:\/\/zonaroja.com.mx\/index.php?rest_route=\/wp\/v2\/users\/2"}],"replies":[{"embeddable":true,"href":"https:\/\/zonaroja.com.mx\/index.php?rest_route=%2Fwp%2Fv2%2Fcomments&post=44595"}],"version-history":[{"count":1,"href":"https:\/\/zonaroja.com.mx\/index.php?rest_route=\/wp\/v2\/posts\/44595\/revisions"}],"predecessor-version":[{"id":44597,"href":"https:\/\/zonaroja.com.mx\/index.php?rest_route=\/wp\/v2\/posts\/44595\/revisions\/44597"}],"wp:featuredmedia":[{"embeddable":true,"href":"https:\/\/zonaroja.com.mx\/index.php?rest_route=\/wp\/v2\/media\/44596"}],"wp:attachment":[{"href":"https:\/\/zonaroja.com.mx\/index.php?rest_route=%2Fwp%2Fv2%2Fmedia&parent=44595"}],"wp:term":[{"taxonomy":"category","embeddable":true,"href":"https:\/\/zonaroja.com.mx\/index.php?rest_route=%2Fwp%2Fv2%2Fcategories&post=44595"},{"taxonomy":"post_tag","embeddable":true,"href":"https:\/\/zonaroja.com.mx\/index.php?rest_route=%2Fwp%2Fv2%2Ftags&post=44595"}],"curies":[{"name":"wp","href":"https:\/\/api.w.org\/{rel}","templated":true}]}}