{"id":44598,"date":"2022-08-14T11:13:00","date_gmt":"2022-08-14T16:13:00","guid":{"rendered":"http:\/\/www.zonaroja.com.mx\/?p=44598"},"modified":"2022-08-14T06:15:33","modified_gmt":"2022-08-14T11:15:33","slug":"carteles-desafian-al-gobierno-con-narcoterrorismo-amlo-calla","status":"publish","type":"post","link":"https:\/\/zonaroja.com.mx\/?p=44598","title":{"rendered":"C\u00e1rteles desaf\u00edan al gobierno con \u201cnarcoterrorismo\u201d; AMLO calla"},"content":{"rendered":"\n<p>Redacci\u00f3n\/Zona Roja Cdmx.<\/p>\n\n\n\n<p>Ciudad de M\u00e9xico, a 14 de agosto de 2022.- El C\u00e1rtel Jalisco Nueva Generaci\u00f3n (CJNG) y el C\u00e1rtel de Sinaloa han extremado la violencia en Chihuahua, Jalisco y Guanajuato mediante el uso intensivo de t\u00e1cticas de \u201cnarcoterrorismo\u201d.<\/p>\n\n\n\n<p>La ola de ejecuciones, \u201cnarcobloqueos\u201d e incendios desatada esta semana en distintos puntos del pa\u00eds refleja una concatenaci\u00f3n de eventos que apuntan a dos tipos de \u201cnarcoterrorismo\u201d.<\/p>\n\n\n\n<p>El primero de estos y, el m\u00e1s radical, ocurri\u00f3 en Ciudad Ju\u00e1rez en donde integrantes de \u201cLos Mexicles\u201d tomaron la decisi\u00f3n de atacar directamente a la poblaci\u00f3n civil mediante el asesinato de nueve inocentes.&nbsp;<\/p>\n\n\n\n<p>Esto presuntamente en respuesta al homicidio de dos de sus miembros, en el Centro de Reinserci\u00f3n Social 3, a cargo del grupo identificado como \u201cLos Chapos\u201d.<\/p>\n\n\n\n<p>El acribillamiento de un ni\u00f1o de cuatro a\u00f1os, una mujer embarazada, un adolescente, cuatro trabajadores de MegaRadio y otras dos civiles en calles de la ciudad fronteriza evidencia un tipo \u201cnarcoterrorismo\u201d de alto nivel, alert\u00f3 David Saucedo, especialista en Seguridad P\u00fablica.<\/p>\n\n\n\n<p>Al referirse a los hechos, el Presidente Andr\u00e9s Manuel L\u00f3pez Obrador evit\u00f3 utilizar la palabra \u201cnarcoterrorismo\u201d, porque pondr\u00eda en tela de juicio la estrategia de seguridad que tanto ha defendido a capa y espada.<\/p>\n\n\n\n<p>\u201cEsto es algo que no se hab\u00eda presentado y ojal\u00e1 no se repita, porque se agredi\u00f3 a la poblaci\u00f3n civil, inocente, como una especie de represalia. No fue solo el enfrentamiento entre dos grupos, sino que lleg\u00f3 un momento en que empezaron a disparar a civiles. Esto es lo m\u00e1s lamentable de este asunto\u201d, refiri\u00f3 la semana pasada el mandatario en conferencia matutina.<\/p>\n\n\n\n<p>Los eventos en la zona norte del pa\u00eds se suscitaron apenas tres d\u00edas despu\u00e9s de una serie de \u201cnarcobloqueos\u201d e incendios en Jalisco y Guanajuato, en donde integrantes del CJNG tomaron el control de las calles en respuesta a un operativo del Ej\u00e9rcito Mexicano que ten\u00eda el objetivo de capturar a perfiles alto rango de esta organizaci\u00f3n criminal, entre ellos Ricardo Ruiz Velazco, \u2018El Doble R\u2019.<\/p>\n\n\n\n<p>\u201cEllos realizaron \u2018narcobloqueos\u2019 y atacaron tiendas Oxxo procurando no generar bajas civiles, pero de todos modos se trata de actos de \u2018narcoterrorismo\u2019\u201d, coment\u00f3 David Saucedo en entrevista con \u201cEl Financiero\u201d.<\/p>\n\n\n\n<p>\u201cEstas estrategias las podr\u00edan estar implementando los c\u00e1rteles debido a que el Gobierno Federal est\u00e1 abandonando su estrategia de \u2018abrazos, no balazos\u2019. Lo est\u00e1 haciendo de manera silenciosa, lanzar \u00f3rdenes de captura en contra de integrantes de alto perfil del CJNG significa romper con una m\u00e1xima que el propio presidente hab\u00eda marcado en contra de narcotraficantes de alto nivel. Si el Gobierno Federal sigue con esta estrategia, entonces los c\u00e1rteles contestar\u00e1n con \u2018narcoterrorismo\u2019\u201d, advirti\u00f3 el especialista.<\/p>\n\n\n\n<p>Expertos identifican en M\u00e9xico tres expresiones de \u201cnarcoterrorismo\u201d. La primera directamente vinculada con la lucha entre c\u00e1rteles por la disputa territorial de rutas de trasiego y de mercado de consumo de drogas; la segunda est\u00e1 relacionada con la pol\u00edtica cuando las autoridades implementan estrategias para reducir o eliminar el control territorial y de alguna organizaci\u00f3n criminal; y la tercera es una combinaci\u00f3n de ambas toda vez que los c\u00e1rteles operan bajo la protecci\u00f3n de autoridades.<\/p>\n\n\n\n<p>VIOLENCIA EXTREMA<\/p>\n\n\n\n<p>Actos de violencia extrema que buscan atemorizar tanto a la sociedad civil, como a servidores p\u00fablicos de los tres niveles de gobierno, son el pan del diario en M\u00e9xico: ejecuciones con tiro de gracia, decapitaciones con exhibici\u00f3n p\u00fablica, disoluci\u00f3n de cad\u00e1veres en contenedores de \u00e1cido, cuerpos colgados en puentes vehiculares; emboscadas y ejecuci\u00f3n de polic\u00edas y militares, secuestro de familiares de autoridades de gobierno; atentados contra gobernadores, alcaldes, militares y servidores p\u00fablicos federales y amenazas contra medios de comunicaci\u00f3n locales y asesinatos de periodistas.<\/p>\n\n\n\n<p>AMLO no quiere reconocer que hay \u201cnarcoterrorismo\u201d.<\/p>\n\n\n\n<p>El Presidente L\u00f3pez Obrador se niega a reconocer que bajo su gobierno exista esta modalidad de cooperaci\u00f3n estrat\u00e9gica entre mafias del narco y grupos armados terroristas.<\/p>\n\n\n\n<p>\u00bfPor qu\u00e9? \u201cPorque el Gobierno Federal carece de una estrategia antiterrorista. No existe una sola divisi\u00f3n de combate al terrorismo, no hay presupuesto antiterrorista, no hay personal capacitado, no hay estrategias pol\u00edticas, no hay dise\u00f1o institucional. El Gobierno Federal se ha empecinado en no llamar terrorismo en lo que ha todas luces es terrorismo\u201d.<\/p>\n\n\n\n<p>Desde el inicio del sexenio de AMLO, en 2018, hasta mayo de este a\u00f1o, se registraron 121 mil 655 asesinatos, lo que equivale a un promedio de 2 mil 896 personas asesinadas cada mes, de acuerdo con cifras del Secretariado Ejecutivo del Sistema Nacional de Seguridad P\u00fablica (SESNSP).<\/p>\n\n\n\n<p>\u201cEl Presidente no quiere aceptar que hay \u2018narcoterrorismo\u2019 porque tiene temor que salga en los titulares en las primeras planas, en la opini\u00f3n p\u00fablica nacional e internacional, teme el se\u00f1alamiento de que bajo su gobierno hay actos de \u2018narcoterrorismo\u2019. Este es un problema de imagen y hay que sacrificar la imagen por la seguridad\u201d, apunt\u00f3 David Saucedo.<\/p>\n\n\n\n<p>(Informaci\u00f3n de \u201cEl Financiero\u201d)<\/p>\n","protected":false},"excerpt":{"rendered":"<p>Redacci\u00f3n\/Zona Roja Cdmx. Ciudad de M\u00e9xico, a 14 de agosto de 2022.- El C\u00e1rtel Jalisco&hellip;<\/p>\n","protected":false},"author":2,"featured_media":44599,"comment_status":"closed","ping_status":"open","sticky":false,"template":"","format":"standard","meta":{"_lmt_disableupdate":"","_lmt_disable":"","_jetpack_memberships_contains_paid_content":false,"footnotes":""},"categories":[109,47],"tags":[1746],"class_list":["post-44598","post","type-post","status-publish","format-standard","has-post-thumbnail","hentry","category-minuto-a-minuto","category-zona-gris","tag-violencia-en-mexico"],"jetpack_featured_media_url":"https:\/\/zonaroja.com.mx\/wp-content\/uploads\/2022\/08\/Bloqueos-y-terror-narco-en-Mexico.jpg","jetpack_sharing_enabled":true,"_links":{"self":[{"href":"https:\/\/zonaroja.com.mx\/index.php?rest_route=\/wp\/v2\/posts\/44598","targetHints":{"allow":["GET"]}}],"collection":[{"href":"https:\/\/zonaroja.com.mx\/index.php?rest_route=\/wp\/v2\/posts"}],"about":[{"href":"https:\/\/zonaroja.com.mx\/index.php?rest_route=\/wp\/v2\/types\/post"}],"author":[{"embeddable":true,"href":"https:\/\/zonaroja.com.mx\/index.php?rest_route=\/wp\/v2\/users\/2"}],"replies":[{"embeddable":true,"href":"https:\/\/zonaroja.com.mx\/index.php?rest_route=%2Fwp%2Fv2%2Fcomments&post=44598"}],"version-history":[{"count":1,"href":"https:\/\/zonaroja.com.mx\/index.php?rest_route=\/wp\/v2\/posts\/44598\/revisions"}],"predecessor-version":[{"id":44600,"href":"https:\/\/zonaroja.com.mx\/index.php?rest_route=\/wp\/v2\/posts\/44598\/revisions\/44600"}],"wp:featuredmedia":[{"embeddable":true,"href":"https:\/\/zonaroja.com.mx\/index.php?rest_route=\/wp\/v2\/media\/44599"}],"wp:attachment":[{"href":"https:\/\/zonaroja.com.mx\/index.php?rest_route=%2Fwp%2Fv2%2Fmedia&parent=44598"}],"wp:term":[{"taxonomy":"category","embeddable":true,"href":"https:\/\/zonaroja.com.mx\/index.php?rest_route=%2Fwp%2Fv2%2Fcategories&post=44598"},{"taxonomy":"post_tag","embeddable":true,"href":"https:\/\/zonaroja.com.mx\/index.php?rest_route=%2Fwp%2Fv2%2Ftags&post=44598"}],"curies":[{"name":"wp","href":"https:\/\/api.w.org\/{rel}","templated":true}]}}