{"id":44601,"date":"2022-08-14T09:14:00","date_gmt":"2022-08-14T14:14:00","guid":{"rendered":"http:\/\/www.zonaroja.com.mx\/?p=44601"},"modified":"2022-08-14T07:21:15","modified_gmt":"2022-08-14T12:21:15","slug":"van-mas-de-20-desaparecidos-en-agosto-65-son-mujeres-e-infantes","status":"publish","type":"post","link":"https:\/\/zonaroja.com.mx\/?p=44601","title":{"rendered":"Van m\u00e1s de 20 desaparecidos en agosto, 65% son mujeres e infantes"},"content":{"rendered":"\n<p>Yuridiana Sosa\/Zona Roja.<\/p>\n\n\n\n<p>Oaxaca de Ju\u00e1rez, Oax., a 14 de agosto de 2022.- La primera mitad de agosto de este a\u00f1o ha transcurrido con la desaparici\u00f3n de 23 personas, de las que en un 65 por ciento son mujeres e infantes.<\/p>\n\n\n\n<p>De acuerdo con datos de la Unidad de B\u00fasqueda de Personas Desaparecidas y No Localizadas, de la Fiscal\u00eda General de Oaxaca, se ha reportado la desaparici\u00f3n de 13 mujeres, de las que ocho son menores de edad, adem\u00e1s de tres infantes; as\u00ed como la de ocho varones, de los que s\u00f3lo uno es menor de edad.<\/p>\n\n\n\n<p>Las fichas de b\u00fasquedas vigentes son para encontrar a Wendy Devora Bastida \u00c1lvarez, de 16 a\u00f1os, vista por \u00faltima ocasi\u00f3n el 8 de agosto en Santiaguito, Etla, d\u00eda en que tambi\u00e9n se perdi\u00f3 comunicaci\u00f3n con Ver\u00f3nica R\u00edos Villafa\u00f1e, 20 a\u00f1os, de quien se tuvo la \u00faltima localizaci\u00f3n en el Barrio Vixhana de&nbsp; Santo Domingo Tehuantepec y de Matilde Abad Gonz\u00e1lez, de 32 a\u00f1os, vista la \u00faltima vez en el crucero vial de Tlacolula de Matamoros.<\/p>\n\n\n\n<p>El 10 de agosto se tuvo la \u00faltima localizaci\u00f3n de Jhadira Hern\u00e1ndez Galindo, de 15 a\u00f1os, en el Barrio San Nicol\u00e1s, en Tlaxiaco; en tanto que Suzete Desirena Ju\u00e1rez, de 18 a\u00f1os fue vista por \u00faltima vez el d\u00eda 7 de agosto en El Espinal, Tehuantepec.<\/p>\n\n\n\n<p>Mar\u00eda del Pilar Mart\u00ednez Torales, de 17 a\u00f1os, desapareci\u00f3 el 4 de agosto, en Acatl\u00e1n de P\u00e9rez Figueroa y Andrea Jaqueline Miguel Guti\u00e9rrez, de dos a\u00f1os de edad, fue vista por \u00faltima vez desde el pasado 20 de julio en el Barrio Las Flores en Nochixtl\u00e1n, pero su ficha se difundi\u00f3 este mes.<\/p>\n\n\n\n<p>En la lista, tambi\u00e9n se encuentra el caso de Astrid Grecya Perea L\u00f3pez, de 35 a\u00f1o, vista desde el 29 de julio en el parque Independencia de la colonia Centro de Salina Cruz; Bel\u00e9n Lizdenia Hern\u00e1ndez Santiago, de15 a\u00f1os, fue vista por \u00faltima vez &nbsp;el d\u00eda 31 de julio en avenida Montoya, de la agencia de San Mart\u00edn Mexicapam en Oaxaca de Ju\u00e1rez.<\/p>\n\n\n\n<p>Maisha Amira G\u00f3mez Palomec de 19 a\u00f1os desapareci\u00f3 el 28 de julio en San Francisco Tutla y Alexandra Freyr\u00e9 Cortes, de 17 a\u00f1os, fue vista por \u00faltima vez el 31 de julio en el Mercadito 40 en San Blas Atempa.<\/p>\n\n\n\n<p>De los casos dobles reportados en agosto, se public\u00f3 la ficha para localizar a Nilsa Mayret Raymundo Ram\u00edrez de 20 a\u00f1os y Emy Maydelith Pacheco Raymundo, de&nbsp; dos a\u00f1os de edad, quienes fueron vistas por \u00faltima vez desde el 4 de julio en la Carretera Costera n\u00famero 200, en Puerto Escondido.<\/p>\n\n\n\n<p>As\u00ed como por la desaparici\u00f3n de Angelina Luengas Palacios y Lucas Emmanuel Morales Luengas, de 21 a\u00f1os y 11 meses de edad, respectivamente, de quienes se perdi\u00f3 contacto desde el 31 de julio tras ser vistos en la Colonia Olimpo del municipio de Villa de Zaachila.<\/p>\n\n\n\n<p>VARONES<\/p>\n\n\n\n<p>La Unidad de B\u00fasqueda de la Fiscal\u00eda de Oaxaca public\u00f3 fichas por los casos de ocho hombres.<\/p>\n\n\n\n<p>Familiares ya autoridades piden ayuda para localizar a &nbsp;V\u00edctor Manuel Gazga M\u00e9ndez, de 15 a\u00f1os, visto por \u00faltima vez el 12 de agosto en San Pablo Huixtepec; Jes\u00fas Agust\u00edn L\u00f3pez D\u00edaz, de 19 a\u00f1os, desapareci\u00f3 el 8 de agosto en el Fraccionamiento Rancho Valle de Lago, en Tlacolula De Matamoros.<\/p>\n\n\n\n<p>El 9 de agosto, fue visto por \u00faltima vez Luis Leonel Rocha Ultrera, de 24 a\u00f1os, en la Localidad de Benem\u00e9rito Ju\u00e1rez \u201cPalo Gacho\u201d, San Juan Bautista Tuxtepec; David Jonathan Solano Cruz, \u201cEl Negro\u201d, de 29 a\u00f1os, desapareci\u00f3 el 7 de agosto, tambi\u00e9n en San Juan Bautista Tuxtepec.<\/p>\n\n\n\n<p>Luis Eduardo Pe\u00f1a Bastidas, de 22 a\u00f1os, fue visto por \u00faltima vez el 30 de julio en San Isidro Apango Pochutla; Erasmo Galiano Vanega, de 33 a\u00f1os, desapareci\u00f3 el 28 de Julio en San Francisco Ixhuat\u00e1n y Bartolom\u00e9 L\u00f3pez Ram\u00edrez, de 52 a\u00f1os, el 27 de julio, cerca del arroyo de la agencia de Santa Cruz Zenzontepec. &nbsp;<\/p>\n\n\n\n<p>Durante este mes tambi\u00e9n se public\u00f3 la ficha para localizar a Juan Merced Bravo L\u00f3pez, de 24 a\u00f1os, de quien se perdi\u00f3 comunicaci\u00f3n el 26 de junio en el la colonia Centro de Teotitl\u00e1n de Flores Mag\u00f3n.<\/p>\n","protected":false},"excerpt":{"rendered":"<p>Yuridiana Sosa\/Zona Roja. Oaxaca de Ju\u00e1rez, Oax., a 14 de agosto de 2022.- La primera&hellip;<\/p>\n","protected":false},"author":2,"featured_media":44602,"comment_status":"closed","ping_status":"open","sticky":false,"template":"","format":"standard","meta":{"_lmt_disableupdate":"","_lmt_disable":"","_jetpack_memberships_contains_paid_content":false,"footnotes":""},"categories":[109,47],"tags":[455],"class_list":["post-44601","post","type-post","status-publish","format-standard","has-post-thumbnail","hentry","category-minuto-a-minuto","category-zona-gris","tag-mujeres-desaparecidas-oaxaca"],"jetpack_featured_media_url":"https:\/\/zonaroja.com.mx\/wp-content\/uploads\/2022\/08\/Desaparecidas-Oaxaca.jpg","jetpack_sharing_enabled":true,"_links":{"self":[{"href":"https:\/\/zonaroja.com.mx\/index.php?rest_route=\/wp\/v2\/posts\/44601","targetHints":{"allow":["GET"]}}],"collection":[{"href":"https:\/\/zonaroja.com.mx\/index.php?rest_route=\/wp\/v2\/posts"}],"about":[{"href":"https:\/\/zonaroja.com.mx\/index.php?rest_route=\/wp\/v2\/types\/post"}],"author":[{"embeddable":true,"href":"https:\/\/zonaroja.com.mx\/index.php?rest_route=\/wp\/v2\/users\/2"}],"replies":[{"embeddable":true,"href":"https:\/\/zonaroja.com.mx\/index.php?rest_route=%2Fwp%2Fv2%2Fcomments&post=44601"}],"version-history":[{"count":1,"href":"https:\/\/zonaroja.com.mx\/index.php?rest_route=\/wp\/v2\/posts\/44601\/revisions"}],"predecessor-version":[{"id":44603,"href":"https:\/\/zonaroja.com.mx\/index.php?rest_route=\/wp\/v2\/posts\/44601\/revisions\/44603"}],"wp:featuredmedia":[{"embeddable":true,"href":"https:\/\/zonaroja.com.mx\/index.php?rest_route=\/wp\/v2\/media\/44602"}],"wp:attachment":[{"href":"https:\/\/zonaroja.com.mx\/index.php?rest_route=%2Fwp%2Fv2%2Fmedia&parent=44601"}],"wp:term":[{"taxonomy":"category","embeddable":true,"href":"https:\/\/zonaroja.com.mx\/index.php?rest_route=%2Fwp%2Fv2%2Fcategories&post=44601"},{"taxonomy":"post_tag","embeddable":true,"href":"https:\/\/zonaroja.com.mx\/index.php?rest_route=%2Fwp%2Fv2%2Ftags&post=44601"}],"curies":[{"name":"wp","href":"https:\/\/api.w.org\/{rel}","templated":true}]}}