{"id":44606,"date":"2022-08-14T07:49:33","date_gmt":"2022-08-14T12:49:33","guid":{"rendered":"http:\/\/www.zonaroja.com.mx\/?p=44606"},"modified":"2022-08-14T07:49:35","modified_gmt":"2022-08-14T12:49:35","slug":"ultiman-a-balazos-a-individuo-en-santiago-jamiltepec","status":"publish","type":"post","link":"https:\/\/zonaroja.com.mx\/?p=44606","title":{"rendered":"Ultiman a balazos a individuo en Santiago Jamiltepec"},"content":{"rendered":"\n<p>Redacci\u00f3n\/Zona Roja.<\/p>\n\n\n\n<p>Oaxaca de Ju\u00e1rez, Oax., a 14 de agosto de 2022.- Una persona del sexo masculino fue ejecutada en Santiago Jamiltepec, municipio de la regi\u00f3n Costa de Oaxaca.<\/p>\n\n\n\n<p>Fue identificado como Juan L. S., alias \u201cLa Parca\u201d, quien fue asesinado a balazos aproximadamente a las 14:30 horas de ayer s\u00e1bado frente a la Casa Ejidal.<\/p>\n\n\n\n<p>Hasta el momento no se tiene identificado el m\u00f3vil y el hombre trabajaba en la descarga de un tr\u00e1iler cuando fue ultimado con disparos de arma de fuego; no hay detenidos por este caso.<\/p>\n\n\n\n<p>ERAN TAXISTAS<\/p>\n\n\n\n<p>Por otra parte, como Edison A. V., originario de la colonia Gustavo Pineda, y Henry L., de la colonia Adolfo C. Gurri\u00f3n, ambos de Juchit\u00e1n de Zaragoza, fueron identificados los ejecutados en el tramo Uni\u00f3n Hidalgo con La Venta.<\/p>\n\n\n\n<p>Los hechos sucedieron la noche del 12 de agosto, D\u00eda del Taxista, cuando los dos individuos se trasladaban a bordo de una motocicleta en dicha vialidad.<\/p>\n\n\n\n<p>Tampoco se conocen las causas por las cuales fueron acribillados y no hay aprehensiones relacionadas con este caso.<\/p>\n","protected":false},"excerpt":{"rendered":"<p>Redacci\u00f3n\/Zona Roja. Oaxaca de Ju\u00e1rez, Oax., a 14 de agosto de 2022.- Una persona del&hellip;<\/p>\n","protected":false},"author":2,"featured_media":44175,"comment_status":"closed","ping_status":"open","sticky":false,"template":"","format":"standard","meta":{"_lmt_disableupdate":"","_lmt_disable":"","_jetpack_memberships_contains_paid_content":false,"footnotes":""},"categories":[109,51],"tags":[797],"class_list":["post-44606","post","type-post","status-publish","format-standard","has-post-thumbnail","hentry","category-minuto-a-minuto","category-zona-roja","tag-santiago-jamiltepec"],"jetpack_featured_media_url":"https:\/\/zonaroja.com.mx\/wp-content\/uploads\/2022\/08\/Asesinato-homicidio-escena-crimen.jpg","jetpack_sharing_enabled":true,"_links":{"self":[{"href":"https:\/\/zonaroja.com.mx\/index.php?rest_route=\/wp\/v2\/posts\/44606","targetHints":{"allow":["GET"]}}],"collection":[{"href":"https:\/\/zonaroja.com.mx\/index.php?rest_route=\/wp\/v2\/posts"}],"about":[{"href":"https:\/\/zonaroja.com.mx\/index.php?rest_route=\/wp\/v2\/types\/post"}],"author":[{"embeddable":true,"href":"https:\/\/zonaroja.com.mx\/index.php?rest_route=\/wp\/v2\/users\/2"}],"replies":[{"embeddable":true,"href":"https:\/\/zonaroja.com.mx\/index.php?rest_route=%2Fwp%2Fv2%2Fcomments&post=44606"}],"version-history":[{"count":1,"href":"https:\/\/zonaroja.com.mx\/index.php?rest_route=\/wp\/v2\/posts\/44606\/revisions"}],"predecessor-version":[{"id":44607,"href":"https:\/\/zonaroja.com.mx\/index.php?rest_route=\/wp\/v2\/posts\/44606\/revisions\/44607"}],"wp:featuredmedia":[{"embeddable":true,"href":"https:\/\/zonaroja.com.mx\/index.php?rest_route=\/wp\/v2\/media\/44175"}],"wp:attachment":[{"href":"https:\/\/zonaroja.com.mx\/index.php?rest_route=%2Fwp%2Fv2%2Fmedia&parent=44606"}],"wp:term":[{"taxonomy":"category","embeddable":true,"href":"https:\/\/zonaroja.com.mx\/index.php?rest_route=%2Fwp%2Fv2%2Fcategories&post=44606"},{"taxonomy":"post_tag","embeddable":true,"href":"https:\/\/zonaroja.com.mx\/index.php?rest_route=%2Fwp%2Fv2%2Ftags&post=44606"}],"curies":[{"name":"wp","href":"https:\/\/api.w.org\/{rel}","templated":true}]}}