{"id":4461,"date":"2019-10-01T15:54:16","date_gmt":"2019-10-01T20:54:16","guid":{"rendered":"http:\/\/www.zonaroja.com.mx\/?p=4461"},"modified":"2019-10-01T15:54:19","modified_gmt":"2019-10-01T20:54:19","slug":"personal-sindicalizado-del-inpi-exige-aumento-salarial-previo-a-la-llegada-de-amlo","status":"publish","type":"post","link":"https:\/\/zonaroja.com.mx\/?p=4461","title":{"rendered":"Personal sindicalizado del INPI exige aumento salarial previo a la llegada de AMLO"},"content":{"rendered":"\n<p>Redacci\u00f3n\/Zona\nRoja.<\/p>\n\n\n\n<p>Oaxaca de\nJu\u00e1rez, Oax., 1 de octubre de 2019.- A unas horas de la llegada del Presidente Andr\u00e9s\nManuel L\u00f3pez Obrador a Santiago Jamiltepec, municipio ubicado en la regi\u00f3n de\nla Costa oaxaque\u00f1a, personal sindicalizado del Instituto Nacional de Pueblos\nInd\u00edgenas (INPI), exigi\u00f3 el incremento salarial pendiente para quienes se\ndedican al trabajo de campo.<\/p>\n\n\n\n<p>As\u00ed lo\nrefieren en un documento con fecha del 23 de septiembre y firmado por m\u00e1s de 20\ntrabajadores, encabezados por el secretario general de la Secci\u00f3n Sindical 04\ndel INPI, Jos\u00e9 Francisco Gabriel, acompa\u00f1ado de toda la representaci\u00f3n del\npersonal sindicalizado.<\/p>\n\n\n\n<p>\u201cLos abajo\nfirmantes, trabajadores, quienes acompa\u00f1amos a comunidades, pueblos originarios\ny procesos sociales del M\u00e9xico profundo, manifestamos nuestro m\u00e1s rotundo\nrechazo a las pr\u00e1cticas dilatorias de la Secretaria de Hacienda y Cr\u00e9dito\nP\u00fablico, instancia que hasta hoy no ha emitido los lineamientos sobre el\nincremento salarial 2019 para los trabajadores de las dependencias federales\u201d,\ncita el documento difundido.<\/p>\n\n\n\n<p>De acuerdo\ncon el personal, la falta de lineamiento para el incremento salarial\ncontraviene los prop\u00f3sitos de justicia laboral que enarbola la administraci\u00f3n\nde L\u00f3pez Obrador, por lo que indicaron es un asunto imperativo ya que este\npersonal del INPI el que cuenta con los salarios m\u00e1s bajos en la estructura de\nla dependencia.<\/p>\n\n\n\n<p>\u201cLa\nexpedici\u00f3n de tales lineamientos por parte de la SHCP es un imperativo, ya que\nlos trabajadores del INPI somos los que contamos con los salarios m\u00e1s bajos\ndentro de la estructura, a\u00fan cuando somos pilar y punto de contacto m\u00e1s\ninmediato del Estado con los pueblos\u201d, se\u00f1alan de forma textual.<\/p>\n\n\n\n<p>Reiteraron\nsu exigencia de justicia salarial y un alto al recorte presupuestal para la\ninstancia en defensa de los pueblos ind\u00edgenas que tendr\u00eda el 40 por cientos\nmenos de asignaci\u00f3n monetaria en el Presupuesto de Egresos 2020.\n\nEsta\ntarde, el Presidente de M\u00e9xico, acompa\u00f1ado del gobernador Alejandro Murat\nHinojos, llega a Santiago Jamiltepec, para visitar el hospital rural del IMSS;\ndiversas comunidades expresan protestas, entre ellos los trabajadores del INPI\n\n\n\n<\/p>\n","protected":false},"excerpt":{"rendered":"<p>Redacci\u00f3n\/Zona Roja. Oaxaca de Ju\u00e1rez, Oax., 1 de octubre de 2019.- A unas horas de&hellip;<\/p>\n","protected":false},"author":2,"featured_media":4462,"comment_status":"closed","ping_status":"open","sticky":false,"template":"","format":"standard","meta":{"_lmt_disableupdate":"","_lmt_disable":"","_jetpack_memberships_contains_paid_content":false,"footnotes":""},"categories":[109,47],"tags":[558,797],"class_list":["post-4461","post","type-post","status-publish","format-standard","has-post-thumbnail","hentry","category-minuto-a-minuto","category-zona-gris","tag-instituto-nacional-de-pueblos-indigenas","tag-santiago-jamiltepec"],"jetpack_featured_media_url":"https:\/\/zonaroja.com.mx\/wp-content\/uploads\/2019\/10\/IMG_3843.jpg","jetpack_sharing_enabled":true,"_links":{"self":[{"href":"https:\/\/zonaroja.com.mx\/index.php?rest_route=\/wp\/v2\/posts\/4461","targetHints":{"allow":["GET"]}}],"collection":[{"href":"https:\/\/zonaroja.com.mx\/index.php?rest_route=\/wp\/v2\/posts"}],"about":[{"href":"https:\/\/zonaroja.com.mx\/index.php?rest_route=\/wp\/v2\/types\/post"}],"author":[{"embeddable":true,"href":"https:\/\/zonaroja.com.mx\/index.php?rest_route=\/wp\/v2\/users\/2"}],"replies":[{"embeddable":true,"href":"https:\/\/zonaroja.com.mx\/index.php?rest_route=%2Fwp%2Fv2%2Fcomments&post=4461"}],"version-history":[{"count":1,"href":"https:\/\/zonaroja.com.mx\/index.php?rest_route=\/wp\/v2\/posts\/4461\/revisions"}],"predecessor-version":[{"id":4463,"href":"https:\/\/zonaroja.com.mx\/index.php?rest_route=\/wp\/v2\/posts\/4461\/revisions\/4463"}],"wp:featuredmedia":[{"embeddable":true,"href":"https:\/\/zonaroja.com.mx\/index.php?rest_route=\/wp\/v2\/media\/4462"}],"wp:attachment":[{"href":"https:\/\/zonaroja.com.mx\/index.php?rest_route=%2Fwp%2Fv2%2Fmedia&parent=4461"}],"wp:term":[{"taxonomy":"category","embeddable":true,"href":"https:\/\/zonaroja.com.mx\/index.php?rest_route=%2Fwp%2Fv2%2Fcategories&post=4461"},{"taxonomy":"post_tag","embeddable":true,"href":"https:\/\/zonaroja.com.mx\/index.php?rest_route=%2Fwp%2Fv2%2Ftags&post=4461"}],"curies":[{"name":"wp","href":"https:\/\/api.w.org\/{rel}","templated":true}]}}