{"id":44611,"date":"2022-08-14T12:50:12","date_gmt":"2022-08-14T17:50:12","guid":{"rendered":"https:\/\/www.zonaroja.com.mx\/?p=44611"},"modified":"2022-08-14T12:51:00","modified_gmt":"2022-08-14T17:51:00","slug":"detienen-en-oaxaca-a-celula-celula-delictiva-con-arsenal-y-droga","status":"publish","type":"post","link":"https:\/\/zonaroja.com.mx\/?p=44611","title":{"rendered":"Detienen en Oaxaca a c\u00e9lula c\u00e9lula delictiva con arsenal y droga"},"content":{"rendered":"\n<p>Redacci\u00f3n\/Zona Roja.<\/p>\n\n\n\n<p>&nbsp;Oaxaca de Ju\u00e1rez, Oax. a 14 de agosto de 2022.- La Secretar\u00eda de Seguridad P\u00fablica de Oaxaca (SSPO) dio a conocer que la Polic\u00eda Estatal en coordinaci\u00f3n con la Fiscal\u00eda General del Estado, la Secretar\u00eda de la Defensa Nacional (Sedena) y la Guardia Nacional (GN), lograron la captura de cinco personas, presuntos integrantes de una c\u00e9lula delictiva en la regi\u00f3n, y el decomiso de armas, droga y veh\u00edculos, en la regi\u00f3n del Istmo de Tehuantepec.<\/p>\n\n\n\n<p>Dicha acci\u00f3n institucional tuvo lugar cuando se realizaban recorridos de seguridad y vigilancia en el Municipio del Barrio de la Soledad, en donde se llev\u00f3 a cabo la detenci\u00f3n de quienes se identificaron como David \u201cNN\u201d, Juan \u201cNN\u201d, Crescencio \u201cNN\u201d, Rub\u00e9n \u201cNN\u201d y Carmen \u201cNN\u201d, estos dos \u00faltimos originarios del estado de Tabasco.<\/p>\n\n\n\n<p>A quienes les fueron decomisados rifles AR-15, una ametralladora, m\u00e1s de 600 cartuchos \u00fatiles, vestuario t\u00e1ctico, cargadores de diferentes calibres, radios port\u00e1tiles, cargadores de radios, celulares, chalecos t\u00e1cticos, placas bal\u00edsticas; as\u00ed como, sustancia granulada aparentemente conocida como cristal y hierba seca con caracter\u00edsticas propias a la marihuana.<\/p>\n\n\n\n<p>Asimismo, fueron aseguradas tres camionetas con placas de circulaci\u00f3n de la ciudad de M\u00e9xico y de Oaxaca, mismas que contaban con reporte de robo vigente.<\/p>\n\n\n\n<p>Derivado de dicha acci\u00f3n, las personas detenidas y los objetos asegurados, fueron trasladados y puestos a disposici\u00f3n de las autoridades correspondientes, a efecto de que se determine su situaci\u00f3n jur\u00eddica.<\/p>\n","protected":false},"excerpt":{"rendered":"<p>Redacci\u00f3n\/Zona Roja. &nbsp;Oaxaca de Ju\u00e1rez, Oax. a 14 de agosto de 2022.- La Secretar\u00eda de&hellip;<\/p>\n","protected":false},"author":2,"featured_media":44608,"comment_status":"closed","ping_status":"open","sticky":false,"template":"","format":"standard","meta":{"_lmt_disableupdate":"","_lmt_disable":"","_jetpack_memberships_contains_paid_content":false,"footnotes":""},"categories":[109,46],"tags":[],"class_list":["post-44611","post","type-post","status-publish","format-standard","has-post-thumbnail","hentry","category-minuto-a-minuto","category-zona-blanca"],"jetpack_featured_media_url":"https:\/\/zonaroja.com.mx\/wp-content\/uploads\/2022\/08\/edb4b44e-6746-443a-9cf5-5b769528af77.jpg","jetpack_sharing_enabled":true,"_links":{"self":[{"href":"https:\/\/zonaroja.com.mx\/index.php?rest_route=\/wp\/v2\/posts\/44611","targetHints":{"allow":["GET"]}}],"collection":[{"href":"https:\/\/zonaroja.com.mx\/index.php?rest_route=\/wp\/v2\/posts"}],"about":[{"href":"https:\/\/zonaroja.com.mx\/index.php?rest_route=\/wp\/v2\/types\/post"}],"author":[{"embeddable":true,"href":"https:\/\/zonaroja.com.mx\/index.php?rest_route=\/wp\/v2\/users\/2"}],"replies":[{"embeddable":true,"href":"https:\/\/zonaroja.com.mx\/index.php?rest_route=%2Fwp%2Fv2%2Fcomments&post=44611"}],"version-history":[{"count":1,"href":"https:\/\/zonaroja.com.mx\/index.php?rest_route=\/wp\/v2\/posts\/44611\/revisions"}],"predecessor-version":[{"id":44612,"href":"https:\/\/zonaroja.com.mx\/index.php?rest_route=\/wp\/v2\/posts\/44611\/revisions\/44612"}],"wp:featuredmedia":[{"embeddable":true,"href":"https:\/\/zonaroja.com.mx\/index.php?rest_route=\/wp\/v2\/media\/44608"}],"wp:attachment":[{"href":"https:\/\/zonaroja.com.mx\/index.php?rest_route=%2Fwp%2Fv2%2Fmedia&parent=44611"}],"wp:term":[{"taxonomy":"category","embeddable":true,"href":"https:\/\/zonaroja.com.mx\/index.php?rest_route=%2Fwp%2Fv2%2Fcategories&post=44611"},{"taxonomy":"post_tag","embeddable":true,"href":"https:\/\/zonaroja.com.mx\/index.php?rest_route=%2Fwp%2Fv2%2Ftags&post=44611"}],"curies":[{"name":"wp","href":"https:\/\/api.w.org\/{rel}","templated":true}]}}