{"id":44613,"date":"2022-08-14T15:32:57","date_gmt":"2022-08-14T20:32:57","guid":{"rendered":"http:\/\/www.zonaroja.com.mx\/?p=44613"},"modified":"2022-08-14T15:32:58","modified_gmt":"2022-08-14T20:32:58","slug":"se-complica-de-nuevo-rescate-de-los-10-mineros-en-coahuila","status":"publish","type":"post","link":"https:\/\/zonaroja.com.mx\/?p=44613","title":{"rendered":"Se complica de nuevo rescate de los 10 mineros en Coahuila"},"content":{"rendered":"\n<p>Redacci\u00f3n\/Zona Roja Cdmx.<\/p>\n\n\n\n<p>Ciudad de M\u00e9xico, 14 de agosto de 2022.- De nueva el pozo donde est\u00e1n atrapados 10 mineros desde hace m\u00e1s de 10 d\u00edas, registr\u00f3 un aumento en el nivel de agua, lo que ha complicado el rescate.<\/p>\n\n\n\n<p>Fue en la madrugada de este domingo en que creci\u00f3 el nivel del agua en los pozos de carbol de la localidad Agujita de Sabinas, por lo que las labores se mantienen suspendidas.<\/p>\n\n\n\n<p>En tanto familiares de los 10 trabajadores mineros atrapados en un pozo de carb\u00f3n en la Villa de Agujita desde el pasado 3 de agosto, rompieron este s\u00e1bado el silencio; exigieron el rescate inmediato de sus seres queridos y el cese de la coordinadora Nacional de Protecci\u00f3n Civil, Laura Vel\u00e1zquez.<\/p>\n\n\n\n<p>\u201cLa autoridad nos dice que nos esperemos, que falta mucho, que falta poco y ellos no saben ni qu\u00e9 cuentas pueden dar y nosotros lo que queremos es que nos ayuden, sacar por medio de otras, ya sea del extranjero o de donde se pueda, pero tratar de sacar a nuestros familiares\u201d, detall\u00f3 Gabriel Rodr\u00edguez Palomares, hermano de Margarito Rodr\u00edguez Palomares, carbonero atrapado a\u00fan en el socav\u00f3n.<\/p>\n\n\n\n<p>Asegur\u00f3 tambi\u00e9n que han ofrecido su ayuda como conocedores del terreno y la autoridad no les permite participar de ninguna manera en los trabajos de rescate, ni toma en cuenta su experiencia.<\/p>\n\n\n\n<p>\u201cSeg\u00fan los ingenieros dicen que el agua viene de la mina Las Conchas, nosotros sugerimos que metan bombas all\u00e1 por las Conchas, porque la bomba est\u00e1 constantemente bajando, bajando, bajando y ellos nada m\u00e1s est\u00e1n atacando por aqu\u00ed y el agua esta all\u00e1, no entienden que por all\u00e1 hay una entrada para el rescate\u201d, inform\u00f3 Sergio Alejandro Mart\u00ednez Vald\u00e9s, hermano de Jorge Luis Mart\u00ednez Vald\u00e9s.<\/p>\n\n\n\n<p>Los familiares aseguran que han propuesto a la Coordinaci\u00f3n de Protecci\u00f3n Civil firmar una responsiva para que les permitan bajar y ayudar en las labores de rescate, pero que la negativa a su petici\u00f3n la argumentan en no arriesgarlos.<\/p>\n\n\n\n<p>De acuerdo con las familias de los carboneros, tienen casi 24 horas sin informaci\u00f3n del rumbo del rescate, pues desde ayer a las 20:00 horas esperan un informe de Laura Vel\u00e1zquez, titular de Protecci\u00f3n Civil nacional. Desde la madrugada de este s\u00e1bado hay equipo que dej\u00f3 de funcionar y no tienen raz\u00f3n de ello.<\/p>\n","protected":false},"excerpt":{"rendered":"<p>Redacci\u00f3n\/Zona Roja Cdmx. Ciudad de M\u00e9xico, 14 de agosto de 2022.- De nueva el pozo&hellip;<\/p>\n","protected":false},"author":2,"featured_media":44614,"comment_status":"closed","ping_status":"open","sticky":false,"template":"","format":"standard","meta":{"_lmt_disableupdate":"","_lmt_disable":"","_jetpack_memberships_contains_paid_content":false,"footnotes":""},"categories":[109,47],"tags":[3220],"class_list":["post-44613","post","type-post","status-publish","format-standard","has-post-thumbnail","hentry","category-minuto-a-minuto","category-zona-gris","tag-sabinas-coahuila"],"jetpack_featured_media_url":"https:\/\/zonaroja.com.mx\/wp-content\/uploads\/2022\/08\/Mina-carbon-Sabinas-Coahuila.jpeg","jetpack_sharing_enabled":true,"_links":{"self":[{"href":"https:\/\/zonaroja.com.mx\/index.php?rest_route=\/wp\/v2\/posts\/44613","targetHints":{"allow":["GET"]}}],"collection":[{"href":"https:\/\/zonaroja.com.mx\/index.php?rest_route=\/wp\/v2\/posts"}],"about":[{"href":"https:\/\/zonaroja.com.mx\/index.php?rest_route=\/wp\/v2\/types\/post"}],"author":[{"embeddable":true,"href":"https:\/\/zonaroja.com.mx\/index.php?rest_route=\/wp\/v2\/users\/2"}],"replies":[{"embeddable":true,"href":"https:\/\/zonaroja.com.mx\/index.php?rest_route=%2Fwp%2Fv2%2Fcomments&post=44613"}],"version-history":[{"count":1,"href":"https:\/\/zonaroja.com.mx\/index.php?rest_route=\/wp\/v2\/posts\/44613\/revisions"}],"predecessor-version":[{"id":44615,"href":"https:\/\/zonaroja.com.mx\/index.php?rest_route=\/wp\/v2\/posts\/44613\/revisions\/44615"}],"wp:featuredmedia":[{"embeddable":true,"href":"https:\/\/zonaroja.com.mx\/index.php?rest_route=\/wp\/v2\/media\/44614"}],"wp:attachment":[{"href":"https:\/\/zonaroja.com.mx\/index.php?rest_route=%2Fwp%2Fv2%2Fmedia&parent=44613"}],"wp:term":[{"taxonomy":"category","embeddable":true,"href":"https:\/\/zonaroja.com.mx\/index.php?rest_route=%2Fwp%2Fv2%2Fcategories&post=44613"},{"taxonomy":"post_tag","embeddable":true,"href":"https:\/\/zonaroja.com.mx\/index.php?rest_route=%2Fwp%2Fv2%2Ftags&post=44613"}],"curies":[{"name":"wp","href":"https:\/\/api.w.org\/{rel}","templated":true}]}}