{"id":44616,"date":"2022-08-14T15:38:36","date_gmt":"2022-08-14T20:38:36","guid":{"rendered":"http:\/\/www.zonaroja.com.mx\/?p=44616"},"modified":"2022-08-14T15:38:37","modified_gmt":"2022-08-14T20:38:37","slug":"con-reforestacion-exigen-libertad-para-activista-pablo-lopez","status":"publish","type":"post","link":"https:\/\/zonaroja.com.mx\/?p=44616","title":{"rendered":"Con reforestaci\u00f3n exigen libertad para activista Pablo L\u00f3pez"},"content":{"rendered":"\n<p>Redacci\u00f3n\/Zona Roja.<\/p>\n\n\n\n<p>Oaxaca de Ju\u00e1rez, Oax., a 14 de agosto de 2022.- Reunidos en el emblem\u00e1tico cerro del \u201cCrest\u00f3n\u201d, diversas personas defensoras, activistas e integrantes de colectivos,&nbsp;organizaciones de la sociedad civil&nbsp;y del movimiento social llevaron a cabo la siembra de 144 \u00e1rboles en exigencia de libertad para el defensor de derechos humanos Pablo L\u00f3pez&nbsp;Alavez, privado de la libertad desde hace 12 a\u00f1os por defender el bosque y el agua de su comunidad.<\/p>\n\n\n\n<p>Esta acci\u00f3n tuvo lugar en el&nbsp;marco de la Jornada Internacional \u201cExigimos&nbsp;Libertad&nbsp;Para Pablo.&nbsp;Seguimos sembrando esperanza\u201d&nbsp;misma que es impulsada por&nbsp;un total de&nbsp;171&nbsp;comunidades, colectivos&nbsp;y organizaciones&nbsp;de Oaxaca, M\u00e9xico y de&nbsp;otros pa\u00edses americanos y europeos.<\/p>\n\n\n\n<p>Cada uno de los \u00e1rboles sembrados representa un&nbsp;mes de prisi\u00f3n injusta&nbsp;de&nbsp;Pablo L\u00f3pez Alavez;&nbsp;asimismo, como parte de esta Jornada,&nbsp;a partir de hoy se siembran&nbsp;ejemplares&nbsp;de forma paralela en Colombia, Honduras, Canad\u00e1, Italia, Espa\u00f1a, B\u00e9lgica, Irlanda y&nbsp;Alemania en exigencia de la libertad del activista.<\/p>\n\n\n\n<p>Al inicio de la siembra y conforme a la cosmovisi\u00f3n ind\u00edgena&nbsp;y tradici\u00f3n oaxaque\u00f1a, las activistas y personas defensoras realizaron un ritual para&nbsp;auspiciar la siembra y pedir permiso a la Madre Tierra.&nbsp;<\/p>\n\n\n\n<p>Posteriormente, Yesica S\u00e1nchez Maya, integrante del equipo directivo de Consorcio Oaxaca dio la bienvenida y agradeci\u00f3 la presencia de decenas de activistas,&nbsp;&nbsp;personas defensoras&nbsp;y colonos. Agradeci\u00f3 en particular la labor de los diversos Comvive que&nbsp;coadyuvaron en hacer&nbsp;posible&nbsp;la acci\u00f3n.&nbsp;<\/p>\n\n\n\n<p>En seguida, los defensores de derechos humanos y ex presos pol\u00edticos Dami\u00e1n Gallardo Mart\u00ednez y Fredy Garc\u00eda Ram\u00edrez, junto con la defensora&nbsp;de la tierra y el territorio&nbsp;Yolanda P\u00e9rez Cruz&nbsp;emitieron&nbsp;un&nbsp;pronunciamiento donde calificaron como urgente e impostergable la liberaci\u00f3n incondicional de Pablo L\u00f3pez Alavez.&nbsp;<\/p>\n\n\n\n<p>En ese contexto,&nbsp;recordaron que&nbsp;el&nbsp;caso de Pablo&nbsp;ha llamado la atenci\u00f3n de expertos&nbsp;internacionales, pues&nbsp;en&nbsp;septiembre 2017&nbsp;fue&nbsp;publicada&nbsp;la&nbsp;Opini\u00f3n 23\/2017 del Grupo de Trabajo sobre Detenci\u00f3n Arbitraria de las Naciones&nbsp;Unidas, calificando su detenci\u00f3n de arbitraria y recomendando su inmediata liberaci\u00f3n y reparaci\u00f3n del da\u00f1o.&nbsp;<\/p>\n\n\n\n<p>Lamentaron que&nbsp;cinco a\u00f1os despu\u00e9s las recomendaciones de los expertos no hayan sido implementadas y&nbsp;enfatizaron&nbsp;que&nbsp;Pablo L\u00f3pez es el \u00faltimo de las 32 personas defensoras sobre las que se pronunci\u00f3 el Grupo de Trabajo de la ONU&nbsp;entre 2014 y 2017que permanece privado de su libertad.<\/p>\n","protected":false},"excerpt":{"rendered":"<p>Redacci\u00f3n\/Zona Roja. Oaxaca de Ju\u00e1rez, Oax., a 14 de agosto de 2022.- Reunidos en el&hellip;<\/p>\n","protected":false},"author":2,"featured_media":44617,"comment_status":"closed","ping_status":"open","sticky":false,"template":"","format":"standard","meta":{"_lmt_disableupdate":"","_lmt_disable":"","_jetpack_memberships_contains_paid_content":false,"footnotes":""},"categories":[109,46],"tags":[548],"class_list":["post-44616","post","type-post","status-publish","format-standard","has-post-thumbnail","hentry","category-minuto-a-minuto","category-zona-blanca","tag-consorcio-oaxaca"],"jetpack_featured_media_url":"https:\/\/zonaroja.com.mx\/wp-content\/uploads\/2022\/08\/Siembra-de-arboles-activistas.jpg","jetpack_sharing_enabled":true,"_links":{"self":[{"href":"https:\/\/zonaroja.com.mx\/index.php?rest_route=\/wp\/v2\/posts\/44616","targetHints":{"allow":["GET"]}}],"collection":[{"href":"https:\/\/zonaroja.com.mx\/index.php?rest_route=\/wp\/v2\/posts"}],"about":[{"href":"https:\/\/zonaroja.com.mx\/index.php?rest_route=\/wp\/v2\/types\/post"}],"author":[{"embeddable":true,"href":"https:\/\/zonaroja.com.mx\/index.php?rest_route=\/wp\/v2\/users\/2"}],"replies":[{"embeddable":true,"href":"https:\/\/zonaroja.com.mx\/index.php?rest_route=%2Fwp%2Fv2%2Fcomments&post=44616"}],"version-history":[{"count":1,"href":"https:\/\/zonaroja.com.mx\/index.php?rest_route=\/wp\/v2\/posts\/44616\/revisions"}],"predecessor-version":[{"id":44618,"href":"https:\/\/zonaroja.com.mx\/index.php?rest_route=\/wp\/v2\/posts\/44616\/revisions\/44618"}],"wp:featuredmedia":[{"embeddable":true,"href":"https:\/\/zonaroja.com.mx\/index.php?rest_route=\/wp\/v2\/media\/44617"}],"wp:attachment":[{"href":"https:\/\/zonaroja.com.mx\/index.php?rest_route=%2Fwp%2Fv2%2Fmedia&parent=44616"}],"wp:term":[{"taxonomy":"category","embeddable":true,"href":"https:\/\/zonaroja.com.mx\/index.php?rest_route=%2Fwp%2Fv2%2Fcategories&post=44616"},{"taxonomy":"post_tag","embeddable":true,"href":"https:\/\/zonaroja.com.mx\/index.php?rest_route=%2Fwp%2Fv2%2Ftags&post=44616"}],"curies":[{"name":"wp","href":"https:\/\/api.w.org\/{rel}","templated":true}]}}